{"id":7192,"date":"2019-09-06T14:09:58","date_gmt":"2019-09-06T17:09:58","guid":{"rendered":"https:\/\/wp.ufpel.edu.br\/ceng\/?p=7192"},"modified":"2019-09-06T14:10:49","modified_gmt":"2019-09-06T17:10:49","slug":"convite-para-o-iii-ciclo-de-palestras-do-setembro-amarelo-mes-de-prevencao-ao-suicidio","status":"publish","type":"post","link":"https:\/\/wp.ufpel.edu.br\/ceng\/convite-para-o-iii-ciclo-de-palestras-do-setembro-amarelo-mes-de-prevencao-ao-suicidio\/","title":{"rendered":"Convite para o III Ciclo de Palestras do Setembro Amarelo &#8211; M\u00eas de Preven\u00e7\u00e3o ao Suic\u00eddio"},"content":{"rendered":"<p>O Diret\u00f3rio Acad\u00eamico Karen Adami (DAKA) &#8211; Engenharia de Petr\u00f3leo, convida para o III Ciclo de Palestras do Setembro Amarelo &#8211; M\u00eas de Preven\u00e7\u00e3o ao Suic\u00eddio.<\/p>\n<p>O evento ocorrer\u00e1 dia 11 de Setembro de 2019, das 13:30 \u00e0s 17:00, no Audit\u00f3rio do Campus II &#8211; 309.<\/p>\n<p>A entrada para alunos que tenham aula nesse hor\u00e1rio, caso haja a libera\u00e7\u00e3o dos professores, ser\u00e1 registrada por uma lista de presen\u00e7a que ser\u00e1 disponibilizada aos docentes. A entrada \u00e9 1Kg de alimento n\u00e3o perec\u00edvel que ser\u00e1 doado a uma institui\u00e7\u00e3o de caridade.<\/p>\n<p>Contamos com sua presen\u00e7a!<\/p>\n<p><a href=\"https:\/\/wp.ufpel.edu.br\/ceng\/files\/2019\/09\/WhatsApp-Image-2019-09-05-at-11.16.12-1.jpeg\"><img class=\"aligncenter size-large wp-image-7194\" src=\"https:\/\/wp.ufpel.edu.br\/ceng\/files\/2019\/09\/WhatsApp-Image-2019-09-05-at-11.16.12-1-724x1024.jpeg\" alt=\"\" width=\"724\" height=\"1024\" srcset=\"https:\/\/wp.ufpel.edu.br\/ceng\/files\/2019\/09\/WhatsApp-Image-2019-09-05-at-11.16.12-1-724x1024.jpeg 724w, https:\/\/wp.ufpel.edu.br\/ceng\/files\/2019\/09\/WhatsApp-Image-2019-09-05-at-11.16.12-1-283x400.jpeg 283w, https:\/\/wp.ufpel.edu.br\/ceng\/files\/2019\/09\/WhatsApp-Image-2019-09-05-at-11.16.12-1-768x1086.jpeg 768w, https:\/\/wp.ufpel.edu.br\/ceng\/files\/2019\/09\/WhatsApp-Image-2019-09-05-at-11.16.12-1.jpeg 794w\" sizes=\"(max-width: 724px) 100vw, 724px\" \/><\/a><\/p>\n<p><a href=\"https:\/\/wp.ufpel.edu.br\/ceng\/files\/2019\/09\/WhatsApp-Image-2019-09-05-at-11.16.12.jpeg\"><img class=\"aligncenter size-large wp-image-7195\" src=\"https:\/\/wp.ufpel.edu.br\/ceng\/files\/2019\/09\/WhatsApp-Image-2019-09-05-at-11.16.12.jpeg\" alt=\"\" width=\"800\" height=\"800\" srcset=\"https:\/\/wp.ufpel.edu.br\/ceng\/files\/2019\/09\/WhatsApp-Image-2019-09-05-at-11.16.12.jpeg 800w, https:\/\/wp.ufpel.edu.br\/ceng\/files\/2019\/09\/WhatsApp-Image-2019-09-05-at-11.16.12-200x200.jpeg 200w, https:\/\/wp.ufpel.edu.br\/ceng\/files\/2019\/09\/WhatsApp-Image-2019-09-05-at-11.16.12-400x400.jpeg 400w, https:\/\/wp.ufpel.edu.br\/ceng\/files\/2019\/09\/WhatsApp-Image-2019-09-05-at-11.16.12-768x768.jpeg 768w\" sizes=\"(max-width: 800px) 100vw, 800px\" \/><\/a><\/p>\n","protected":false},"excerpt":{"rendered":"<p>O Diret\u00f3rio Acad\u00eamico Karen Adami (DAKA) &#8211; Engenharia de Petr\u00f3leo, convida para o III Ciclo de Palestras do Setembro Amarelo &#8211; M\u00eas de Preven\u00e7\u00e3o ao Suic\u00eddio. O evento ocorrer\u00e1 dia 11 de Setembro de 2019, das 13:30 \u00e0s 17:00, no Audit\u00f3rio do Campus II &#8211; 309. A entrada para alunos que tenham aula nesse hor\u00e1rio, [&hellip;]<\/p>\n","protected":false},"author":67,"featured_media":7195,"comment_status":"closed","ping_status":"closed","sticky":false,"template":"","format":"standard","meta":{"footnotes":""},"categories":[1],"tags":[],"class_list":["post-7192","post","type-post","status-publish","format-standard","has-post-thumbnail","hentry","category-ultimos-posts"],"jetpack_featured_media_url":"https:\/\/wp.ufpel.edu.br\/ceng\/files\/2019\/09\/WhatsApp-Image-2019-09-05-at-11.16.12.jpeg","publishpress_future_action":{"enabled":false,"date":"2026-05-05 17:16:20","action":"change-status","newStatus":"draft","terms":[],"taxonomy":"category","extraData":[]},"publishpress_future_workflow_manual_trigger":{"enabledWorkflows":[]},"_links":{"self":[{"href":"https:\/\/wp.ufpel.edu.br\/ceng\/wp-json\/wp\/v2\/posts\/7192","targetHints":{"allow":["GET"]}}],"collection":[{"href":"https:\/\/wp.ufpel.edu.br\/ceng\/wp-json\/wp\/v2\/posts"}],"about":[{"href":"https:\/\/wp.ufpel.edu.br\/ceng\/wp-json\/wp\/v2\/types\/post"}],"author":[{"embeddable":true,"href":"https:\/\/wp.ufpel.edu.br\/ceng\/wp-json\/wp\/v2\/users\/67"}],"replies":[{"embeddable":true,"href":"https:\/\/wp.ufpel.edu.br\/ceng\/wp-json\/wp\/v2\/comments?post=7192"}],"version-history":[{"count":1,"href":"https:\/\/wp.ufpel.edu.br\/ceng\/wp-json\/wp\/v2\/posts\/7192\/revisions"}],"predecessor-version":[{"id":7196,"href":"https:\/\/wp.ufpel.edu.br\/ceng\/wp-json\/wp\/v2\/posts\/7192\/revisions\/7196"}],"wp:featuredmedia":[{"embeddable":true,"href":"https:\/\/wp.ufpel.edu.br\/ceng\/wp-json\/wp\/v2\/media\/7195"}],"wp:attachment":[{"href":"https:\/\/wp.ufpel.edu.br\/ceng\/wp-json\/wp\/v2\/media?parent=7192"}],"wp:term":[{"taxonomy":"category","embeddable":true,"href":"https:\/\/wp.ufpel.edu.br\/ceng\/wp-json\/wp\/v2\/categories?post=7192"},{"taxonomy":"post_tag","embeddable":true,"href":"https:\/\/wp.ufpel.edu.br\/ceng\/wp-json\/wp\/v2\/tags?post=7192"}],"curies":[{"name":"wp","href":"https:\/\/api.w.org\/{rel}","templated":true}]}}