{"id":7068,"date":"2019-08-28T10:46:55","date_gmt":"2019-08-28T13:46:55","guid":{"rendered":"https:\/\/wp.ufpel.edu.br\/ceng\/?p=7068"},"modified":"2019-08-28T10:46:55","modified_gmt":"2019-08-28T13:46:55","slug":"consulta-a-comunidade-para-coord-e-coord-adjunto-da-engenharia-de-petroleo","status":"publish","type":"post","link":"https:\/\/wp.ufpel.edu.br\/ceng\/consulta-a-comunidade-para-coord-e-coord-adjunto-da-engenharia-de-petroleo\/","title":{"rendered":"Consulta a comunidade para Coord. e Coord. Adjunto da Engenharia de Petr\u00f3leo"},"content":{"rendered":"<p>As elei\u00e7\u00f5es para coordenador e coordenador adjunto do Curso de Engenharia de Petr\u00f3leo est\u00e3o ocorrendo nos dias 27 (das 08h00 \u00e0s 18h00) e 28\/08\/2019 (08h00 \u00e0s 13h30) na secretaria do cursos (sala 309A &#8211; COTADA).<\/p>\n<div>Acesse o <a href=\"https:\/\/wp.ufpel.edu.br\/ceng\/files\/2019\/08\/Edital_Eleicao_Coord_e_Coord_Adjunto.pdf\">Edital<\/a> e a <a href=\"https:\/\/wp.ufpel.edu.br\/ceng\/files\/2019\/08\/errata-1.pdf\">errata<\/a> do edital.<\/div>\n","protected":false},"excerpt":{"rendered":"<p>As elei\u00e7\u00f5es para coordenador e coordenador adjunto do Curso de Engenharia de Petr\u00f3leo est\u00e3o ocorrendo nos dias 27 (das 08h00 \u00e0s 18h00) e 28\/08\/2019 (08h00 \u00e0s 13h30) na secretaria do cursos (sala 309A &#8211; COTADA). Acesse o Edital e a errata do edital.<\/p>\n","protected":false},"author":67,"featured_media":0,"comment_status":"closed","ping_status":"closed","sticky":false,"template":"","format":"standard","meta":{"footnotes":""},"categories":[1],"tags":[],"class_list":["post-7068","post","type-post","status-publish","format-standard","hentry","category-ultimos-posts"],"jetpack_featured_media_url":"","publishpress_future_action":{"enabled":false,"date":"2026-05-03 19:27:41","action":"change-status","newStatus":"draft","terms":[],"taxonomy":"category","extraData":[]},"publishpress_future_workflow_manual_trigger":{"enabledWorkflows":[]},"_links":{"self":[{"href":"https:\/\/wp.ufpel.edu.br\/ceng\/wp-json\/wp\/v2\/posts\/7068","targetHints":{"allow":["GET"]}}],"collection":[{"href":"https:\/\/wp.ufpel.edu.br\/ceng\/wp-json\/wp\/v2\/posts"}],"about":[{"href":"https:\/\/wp.ufpel.edu.br\/ceng\/wp-json\/wp\/v2\/types\/post"}],"author":[{"embeddable":true,"href":"https:\/\/wp.ufpel.edu.br\/ceng\/wp-json\/wp\/v2\/users\/67"}],"replies":[{"embeddable":true,"href":"https:\/\/wp.ufpel.edu.br\/ceng\/wp-json\/wp\/v2\/comments?post=7068"}],"version-history":[{"count":1,"href":"https:\/\/wp.ufpel.edu.br\/ceng\/wp-json\/wp\/v2\/posts\/7068\/revisions"}],"predecessor-version":[{"id":7072,"href":"https:\/\/wp.ufpel.edu.br\/ceng\/wp-json\/wp\/v2\/posts\/7068\/revisions\/7072"}],"wp:attachment":[{"href":"https:\/\/wp.ufpel.edu.br\/ceng\/wp-json\/wp\/v2\/media?parent=7068"}],"wp:term":[{"taxonomy":"category","embeddable":true,"href":"https:\/\/wp.ufpel.edu.br\/ceng\/wp-json\/wp\/v2\/categories?post=7068"},{"taxonomy":"post_tag","embeddable":true,"href":"https:\/\/wp.ufpel.edu.br\/ceng\/wp-json\/wp\/v2\/tags?post=7068"}],"curies":[{"name":"wp","href":"https:\/\/api.w.org\/{rel}","templated":true}]}}