{"id":6688,"date":"2019-07-09T18:58:27","date_gmt":"2019-07-09T21:58:27","guid":{"rendered":"https:\/\/wp.ufpel.edu.br\/ceng\/?p=6688"},"modified":"2019-07-10T08:19:04","modified_gmt":"2019-07-10T11:19:04","slug":"edital-eleicao-de-representantes-das-areas-basica-e-profissionalizante-camara-de-pesquisa","status":"publish","type":"post","link":"https:\/\/wp.ufpel.edu.br\/ceng\/edital-eleicao-de-representantes-das-areas-basica-e-profissionalizante-camara-de-pesquisa\/","title":{"rendered":"Edital &#8211; Elei\u00e7\u00e3o de representantes das \u00e1reas b\u00e1sica e profissionalizante &#8211; C\u00e2mara de Pesquisa"},"content":{"rendered":"<p>A Comiss\u00e3o Eleitoral torna p\u00fablico o edital para a elei\u00e7\u00e3o de representantes dos docentes das \u00e1reas b\u00e1sica e profissionalizante junto \u00e0 C\u00e2mara de Pesquisa: <a href=\"https:\/\/wp.ufpel.edu.br\/ceng\/files\/2019\/07\/SEI_UFPel-0610355-Convoca\u00e7\u00e3o-CPesq-Elei\u00e7\u00e3o.pdf\">SEI_UFPel &#8211; 0610355 &#8211; Convoca\u00e7\u00e3o CPesq Elei\u00e7\u00e3o<\/a><\/p>\n","protected":false},"excerpt":{"rendered":"<p>A Comiss\u00e3o Eleitoral torna p\u00fablico o edital para a elei\u00e7\u00e3o de representantes dos docentes das \u00e1reas b\u00e1sica e profissionalizante junto \u00e0 C\u00e2mara de Pesquisa: SEI_UFPel &#8211; 0610355 &#8211; Convoca\u00e7\u00e3o CPesq Elei\u00e7\u00e3o<\/p>\n","protected":false},"author":67,"featured_media":0,"comment_status":"closed","ping_status":"closed","sticky":false,"template":"","format":"standard","meta":{"footnotes":""},"categories":[1],"tags":[],"class_list":["post-6688","post","type-post","status-publish","format-standard","hentry","category-ultimos-posts"],"jetpack_featured_media_url":"","publishpress_future_action":{"enabled":false,"date":"2026-05-05 02:38:07","action":"change-status","newStatus":"draft","terms":[],"taxonomy":"category","extraData":[]},"publishpress_future_workflow_manual_trigger":{"enabledWorkflows":[]},"_links":{"self":[{"href":"https:\/\/wp.ufpel.edu.br\/ceng\/wp-json\/wp\/v2\/posts\/6688","targetHints":{"allow":["GET"]}}],"collection":[{"href":"https:\/\/wp.ufpel.edu.br\/ceng\/wp-json\/wp\/v2\/posts"}],"about":[{"href":"https:\/\/wp.ufpel.edu.br\/ceng\/wp-json\/wp\/v2\/types\/post"}],"author":[{"embeddable":true,"href":"https:\/\/wp.ufpel.edu.br\/ceng\/wp-json\/wp\/v2\/users\/67"}],"replies":[{"embeddable":true,"href":"https:\/\/wp.ufpel.edu.br\/ceng\/wp-json\/wp\/v2\/comments?post=6688"}],"version-history":[{"count":3,"href":"https:\/\/wp.ufpel.edu.br\/ceng\/wp-json\/wp\/v2\/posts\/6688\/revisions"}],"predecessor-version":[{"id":6705,"href":"https:\/\/wp.ufpel.edu.br\/ceng\/wp-json\/wp\/v2\/posts\/6688\/revisions\/6705"}],"wp:attachment":[{"href":"https:\/\/wp.ufpel.edu.br\/ceng\/wp-json\/wp\/v2\/media?parent=6688"}],"wp:term":[{"taxonomy":"category","embeddable":true,"href":"https:\/\/wp.ufpel.edu.br\/ceng\/wp-json\/wp\/v2\/categories?post=6688"},{"taxonomy":"post_tag","embeddable":true,"href":"https:\/\/wp.ufpel.edu.br\/ceng\/wp-json\/wp\/v2\/tags?post=6688"}],"curies":[{"name":"wp","href":"https:\/\/api.w.org\/{rel}","templated":true}]}}