{"id":5862,"date":"2019-06-06T14:23:51","date_gmt":"2019-06-06T17:23:51","guid":{"rendered":"https:\/\/wp.ufpel.edu.br\/ceng\/?p=5862"},"modified":"2019-06-06T14:23:51","modified_gmt":"2019-06-06T17:23:51","slug":"consulta-a-comunidade-colegiado-engenharia-eletronica","status":"publish","type":"post","link":"https:\/\/wp.ufpel.edu.br\/ceng\/consulta-a-comunidade-colegiado-engenharia-eletronica\/","title":{"rendered":"Consulta \u00e0 Comunidade &#8211; Colegiado Engenharia Eletr\u00f4nica"},"content":{"rendered":"<p>A Comiss\u00e3o Eleitoral para coordenar o processo de consulta \u00e0 comunidade do curso de Engenharia Eletr\u00f4nica torna p\u00fablico o Edital para a escolha de representantes docentes das \u00e1reas b\u00e1sica, profissionalizante e espec\u00edfica junto ao colegiado do curso.<\/p>\n<p>Acesse: <a href=\"https:\/\/wp.ufpel.edu.br\/ceng\/files\/2019\/06\/Consulta_Colegiado_EE_2019.pdf\">Consulta_Colegiado_EE_2019<\/a><\/p>\n","protected":false},"excerpt":{"rendered":"<p>A Comiss\u00e3o Eleitoral para coordenar o processo de consulta \u00e0 comunidade do curso de Engenharia Eletr\u00f4nica torna p\u00fablico o Edital para a escolha de representantes docentes das \u00e1reas b\u00e1sica, profissionalizante e espec\u00edfica junto ao colegiado do curso. Acesse: Consulta_Colegiado_EE_2019<\/p>\n","protected":false},"author":67,"featured_media":0,"comment_status":"closed","ping_status":"closed","sticky":false,"template":"","format":"standard","meta":{"footnotes":""},"categories":[1],"tags":[],"class_list":["post-5862","post","type-post","status-publish","format-standard","hentry","category-ultimos-posts"],"jetpack_featured_media_url":"","publishpress_future_action":{"enabled":false,"date":"2026-05-04 14:29:41","action":"change-status","newStatus":"draft","terms":[],"taxonomy":"category","extraData":[]},"publishpress_future_workflow_manual_trigger":{"enabledWorkflows":[]},"_links":{"self":[{"href":"https:\/\/wp.ufpel.edu.br\/ceng\/wp-json\/wp\/v2\/posts\/5862","targetHints":{"allow":["GET"]}}],"collection":[{"href":"https:\/\/wp.ufpel.edu.br\/ceng\/wp-json\/wp\/v2\/posts"}],"about":[{"href":"https:\/\/wp.ufpel.edu.br\/ceng\/wp-json\/wp\/v2\/types\/post"}],"author":[{"embeddable":true,"href":"https:\/\/wp.ufpel.edu.br\/ceng\/wp-json\/wp\/v2\/users\/67"}],"replies":[{"embeddable":true,"href":"https:\/\/wp.ufpel.edu.br\/ceng\/wp-json\/wp\/v2\/comments?post=5862"}],"version-history":[{"count":1,"href":"https:\/\/wp.ufpel.edu.br\/ceng\/wp-json\/wp\/v2\/posts\/5862\/revisions"}],"predecessor-version":[{"id":5865,"href":"https:\/\/wp.ufpel.edu.br\/ceng\/wp-json\/wp\/v2\/posts\/5862\/revisions\/5865"}],"wp:attachment":[{"href":"https:\/\/wp.ufpel.edu.br\/ceng\/wp-json\/wp\/v2\/media?parent=5862"}],"wp:term":[{"taxonomy":"category","embeddable":true,"href":"https:\/\/wp.ufpel.edu.br\/ceng\/wp-json\/wp\/v2\/categories?post=5862"},{"taxonomy":"post_tag","embeddable":true,"href":"https:\/\/wp.ufpel.edu.br\/ceng\/wp-json\/wp\/v2\/tags?post=5862"}],"curies":[{"name":"wp","href":"https:\/\/api.w.org\/{rel}","templated":true}]}}