{"id":5399,"date":"2019-04-25T09:27:28","date_gmt":"2019-04-25T12:27:28","guid":{"rendered":"https:\/\/wp.ufpel.edu.br\/ceng\/?p=5399"},"modified":"2019-04-25T09:27:28","modified_gmt":"2019-04-25T12:27:28","slug":"servidor-do-ceng-recebera-a-distincao-de-merito-universitario","status":"publish","type":"post","link":"https:\/\/wp.ufpel.edu.br\/ceng\/servidor-do-ceng-recebera-a-distincao-de-merito-universitario\/","title":{"rendered":"Servidor do CEng receber\u00e1 a distin\u00e7\u00e3o de &#8220;M\u00e9rito Universit\u00e1rio&#8221;"},"content":{"rendered":"<p style=\"text-align: justify\">A Universidade Federal de Pelotas (UFPel) ter\u00e1 a honra de conceder t\u00edtulos honor\u00edficos a pessoas que foram fundamentais para a Institui\u00e7\u00e3o. Ser\u00e3o entregues as distin\u00e7\u00f5es de \u201cM\u00e9rito Universit\u00e1rio\u201d e \u201cProfessor Em\u00e9rito\u201d para 19\u00a0personalidades. Entre elas, receber\u00e1 a distin\u00e7\u00e3o de &#8220;M\u00e9rito Universit\u00e1rio&#8221; o Servidor Jos\u00e9 Luiz Carvalho Silva, que atuou por muitos anos como Secret\u00e1rio da Faculdade de Engenharia Agr\u00edcola, que deu origem ao nosso Centro de Engenharias.<br \/>\nA Reuni\u00e3o Conjunta dos tr\u00eas Conselhos Superiores da UFPel, para concess\u00e3o de T\u00edtulos Honor\u00edficos, ser\u00e1 realizada no Audit\u00f3rio do Centro de Artes, na pr\u00f3xima segunda-feira, dia 29 de abril, \u00e0s 14 horas.<\/p>\n<p>O Centro de Engenharias parabeniza o T\u00e9cnico Administrativo aposentado Jos\u00e9 Luiz Carvalho Silva!<\/p>\n","protected":false},"excerpt":{"rendered":"<p>A Universidade Federal de Pelotas (UFPel) ter\u00e1 a honra de conceder t\u00edtulos honor\u00edficos a pessoas que foram fundamentais para a Institui\u00e7\u00e3o. Ser\u00e3o entregues as distin\u00e7\u00f5es de \u201cM\u00e9rito Universit\u00e1rio\u201d e \u201cProfessor Em\u00e9rito\u201d para 19\u00a0personalidades. Entre elas, receber\u00e1 a distin\u00e7\u00e3o de &#8220;M\u00e9rito Universit\u00e1rio&#8221; o Servidor Jos\u00e9 Luiz Carvalho Silva, que atuou por muitos anos como Secret\u00e1rio da [&hellip;]<\/p>\n","protected":false},"author":67,"featured_media":0,"comment_status":"closed","ping_status":"closed","sticky":false,"template":"","format":"standard","meta":{"footnotes":""},"categories":[1],"tags":[],"class_list":["post-5399","post","type-post","status-publish","format-standard","hentry","category-ultimos-posts"],"jetpack_featured_media_url":"","publishpress_future_action":{"enabled":false,"date":"2026-05-06 11:09:51","action":"change-status","newStatus":"draft","terms":[],"taxonomy":"category","extraData":[]},"publishpress_future_workflow_manual_trigger":{"enabledWorkflows":[]},"_links":{"self":[{"href":"https:\/\/wp.ufpel.edu.br\/ceng\/wp-json\/wp\/v2\/posts\/5399","targetHints":{"allow":["GET"]}}],"collection":[{"href":"https:\/\/wp.ufpel.edu.br\/ceng\/wp-json\/wp\/v2\/posts"}],"about":[{"href":"https:\/\/wp.ufpel.edu.br\/ceng\/wp-json\/wp\/v2\/types\/post"}],"author":[{"embeddable":true,"href":"https:\/\/wp.ufpel.edu.br\/ceng\/wp-json\/wp\/v2\/users\/67"}],"replies":[{"embeddable":true,"href":"https:\/\/wp.ufpel.edu.br\/ceng\/wp-json\/wp\/v2\/comments?post=5399"}],"version-history":[{"count":1,"href":"https:\/\/wp.ufpel.edu.br\/ceng\/wp-json\/wp\/v2\/posts\/5399\/revisions"}],"predecessor-version":[{"id":5401,"href":"https:\/\/wp.ufpel.edu.br\/ceng\/wp-json\/wp\/v2\/posts\/5399\/revisions\/5401"}],"wp:attachment":[{"href":"https:\/\/wp.ufpel.edu.br\/ceng\/wp-json\/wp\/v2\/media?parent=5399"}],"wp:term":[{"taxonomy":"category","embeddable":true,"href":"https:\/\/wp.ufpel.edu.br\/ceng\/wp-json\/wp\/v2\/categories?post=5399"},{"taxonomy":"post_tag","embeddable":true,"href":"https:\/\/wp.ufpel.edu.br\/ceng\/wp-json\/wp\/v2\/tags?post=5399"}],"curies":[{"name":"wp","href":"https:\/\/api.w.org\/{rel}","templated":true}]}}