{"id":5349,"date":"2019-04-22T14:32:39","date_gmt":"2019-04-22T17:32:39","guid":{"rendered":"https:\/\/wp.ufpel.edu.br\/ceng\/?p=5349"},"modified":"2019-04-22T14:35:03","modified_gmt":"2019-04-22T17:35:03","slug":"alteracao-de-local-da-palestra-engenheiro-4-0-dia-23-04","status":"publish","type":"post","link":"https:\/\/wp.ufpel.edu.br\/ceng\/alteracao-de-local-da-palestra-engenheiro-4-0-dia-23-04\/","title":{"rendered":"ALTERA\u00c7\u00c3O DE LOCAL da Palestra Engenheiro 4.0 &#8211; Dia 23\/04"},"content":{"rendered":"<div class=\"_2cuy _3dgx _2vxa\" style=\"text-align: justify\"><strong>ATEN\u00c7\u00c3O &#8211; ALTERA\u00c7\u00c3O DE LOCAL da Palestra Engenheiro 4.0 &#8211; Dia 23\/04, ter\u00e7a-feira, \u00e0s 10h.<\/strong><\/div>\n<div class=\"_2cuy _3dgx _2vxa\" style=\"text-align: justify\"><strong>Endere\u00e7o: Audit\u00f3rio do CEHUS (Novo pr\u00e9dio do ICH) &#8211; Alberto Rosa, 154\u00a0\u00a0<\/strong><\/div>\n<div><\/div>\n<div><\/div>\n<div class=\"_2cuy _3dgx _2vxa\" style=\"text-align: justify\">O Curso de Engenharia de Produ\u00e7\u00e3o em conjunto com o Centro de Engenharias da Universidade Federal de Pelotas convida todos os membros da comunidade acad\u00eamica para participarem da palestra Engenheiro 4.0.<\/div>\n<div>Inscri\u00e7\u00f5es no link abaixo:<\/div>\n<div class=\"_2cuy _3dgx _2vxa\" style=\"text-align: justify\"><\/div>\n<div class=\"_2cuy _3dgx _2vxa\"><a href=\"https:\/\/forms.gle\/T5fiVqquyjMsWCYJ9\" target=\"_blank\" rel=\"noopener nofollow noreferrer\" data-lynx-mode=\"asynclazy\" data-lynx-uri=\"https:\/\/l.facebook.com\/l.php?u=https%3A%2F%2Fforms.gle%2FT5fiVqquyjMsWCYJ9\">https:\/\/forms.gle\/T5fiVqquyjMsWCYJ9<\/a><\/div>\n<div><\/div>\n<div><\/div>\n<div><a href=\"https:\/\/wp.ufpel.edu.br\/ceng\/files\/2019\/04\/Engenheiro-4.0-1.jpg\"><img class=\"aligncenter size-full wp-image-5352\" src=\"https:\/\/wp.ufpel.edu.br\/ceng\/files\/2019\/04\/Engenheiro-4.0-1.jpg\" alt=\"\" width=\"940\" height=\"788\" srcset=\"https:\/\/wp.ufpel.edu.br\/ceng\/files\/2019\/04\/Engenheiro-4.0-1.jpg 940w, https:\/\/wp.ufpel.edu.br\/ceng\/files\/2019\/04\/Engenheiro-4.0-1-400x335.jpg 400w, https:\/\/wp.ufpel.edu.br\/ceng\/files\/2019\/04\/Engenheiro-4.0-1-768x644.jpg 768w\" sizes=\"(max-width: 940px) 100vw, 940px\" \/><\/a><\/div>\n","protected":false},"excerpt":{"rendered":"<p>ATEN\u00c7\u00c3O &#8211; ALTERA\u00c7\u00c3O DE LOCAL da Palestra Engenheiro 4.0 &#8211; Dia 23\/04, ter\u00e7a-feira, \u00e0s 10h. Endere\u00e7o: Audit\u00f3rio do CEHUS (Novo pr\u00e9dio do ICH) &#8211; Alberto Rosa, 154\u00a0\u00a0 O Curso de Engenharia de Produ\u00e7\u00e3o em conjunto com o Centro de Engenharias da Universidade Federal de Pelotas convida todos os membros da comunidade acad\u00eamica para participarem da [&hellip;]<\/p>\n","protected":false},"author":67,"featured_media":0,"comment_status":"closed","ping_status":"closed","sticky":false,"template":"","format":"standard","meta":{"footnotes":""},"categories":[1],"tags":[],"class_list":["post-5349","post","type-post","status-publish","format-standard","hentry","category-ultimos-posts"],"jetpack_featured_media_url":"","publishpress_future_action":{"enabled":false,"date":"2026-05-07 05:59:57","action":"change-status","newStatus":"draft","terms":[],"taxonomy":"category","extraData":[]},"publishpress_future_workflow_manual_trigger":{"enabledWorkflows":[]},"_links":{"self":[{"href":"https:\/\/wp.ufpel.edu.br\/ceng\/wp-json\/wp\/v2\/posts\/5349","targetHints":{"allow":["GET"]}}],"collection":[{"href":"https:\/\/wp.ufpel.edu.br\/ceng\/wp-json\/wp\/v2\/posts"}],"about":[{"href":"https:\/\/wp.ufpel.edu.br\/ceng\/wp-json\/wp\/v2\/types\/post"}],"author":[{"embeddable":true,"href":"https:\/\/wp.ufpel.edu.br\/ceng\/wp-json\/wp\/v2\/users\/67"}],"replies":[{"embeddable":true,"href":"https:\/\/wp.ufpel.edu.br\/ceng\/wp-json\/wp\/v2\/comments?post=5349"}],"version-history":[{"count":3,"href":"https:\/\/wp.ufpel.edu.br\/ceng\/wp-json\/wp\/v2\/posts\/5349\/revisions"}],"predecessor-version":[{"id":5355,"href":"https:\/\/wp.ufpel.edu.br\/ceng\/wp-json\/wp\/v2\/posts\/5349\/revisions\/5355"}],"wp:attachment":[{"href":"https:\/\/wp.ufpel.edu.br\/ceng\/wp-json\/wp\/v2\/media?parent=5349"}],"wp:term":[{"taxonomy":"category","embeddable":true,"href":"https:\/\/wp.ufpel.edu.br\/ceng\/wp-json\/wp\/v2\/categories?post=5349"},{"taxonomy":"post_tag","embeddable":true,"href":"https:\/\/wp.ufpel.edu.br\/ceng\/wp-json\/wp\/v2\/tags?post=5349"}],"curies":[{"name":"wp","href":"https:\/\/api.w.org\/{rel}","templated":true}]}}