{"id":5284,"date":"2019-04-11T16:00:12","date_gmt":"2019-04-11T19:00:12","guid":{"rendered":"https:\/\/wp.ufpel.edu.br\/ceng\/?p=5284"},"modified":"2019-04-11T16:00:12","modified_gmt":"2019-04-11T19:00:12","slug":"reuniao-discute-projeto-de-praca-linear-na-zona-do-porto","status":"publish","type":"post","link":"https:\/\/wp.ufpel.edu.br\/ceng\/reuniao-discute-projeto-de-praca-linear-na-zona-do-porto\/","title":{"rendered":"Reuni\u00e3o discute projeto de pra\u00e7a linear na zona do Porto"},"content":{"rendered":"<p>Na tarde da \u00faltima quarta-feira, 10\/04, houve uma reuni\u00e3o no Centro de Engenharias da UFPel para discutir a proposta de uma pra\u00e7a linear na zona do Porto. O projeto, idealizado por professores da Universidade Federal de Pelotas, vem sendo desenvolvido por professores e alunos da Universidade Cat\u00f3lica de Pelotas. A proposta prev\u00ea, inicialmente, academia ao ar livre, amplia\u00e7\u00e3o da \u00e1rea da pra\u00e7a, instala\u00e7\u00e3o de bancos e lixeiras, parque infantil, quadras de esporte, espa\u00e7o para aulas ao ar livre, faixas de pedestres e de ciclistas, \u00e1reas de estar e paraciclos.<\/p>\n<div><\/div>\n<div>\n<div>\n<div>Participaram da reuni\u00e3o os professores do Centro de Engenharias da Universidade Federal de Pelotas (CEng\/UFPel), Claudia Lemons, \u00c2ngela Azevedo, Vanessa Cerqueira, Rubia Romani, professores do Curso de Arquitetura e Urbanismo da Universidade Cat\u00f3lica de Pelotas (UCPel), Fernanda Tomiello, Ricardo Brod Mendez, Joseane Almeida, as alunas da UCPel Helena Insaurriaga e Julie Volcan, o Pr\u00f3-Reitor de Planejamento da UFPel, Prof. Ot\u00e1vio Peres, a Diretora do Centro de Engenharias da UFPel, Isabela Andrade, o Secret\u00e1rio Municipal de Qualidade Ambiental (SQA), Felipe Perez de Garcia Fernandez, o Secret\u00e1rio Municipal de Gest\u00e3o da Cidade e Mobilidade Urbana (SGCMU), Jacques Reydams e o arquiteto da SGCMU, Guto King.<\/div>\n<div><\/div>\n<\/div>\n<div><a href=\"https:\/\/wp.ufpel.edu.br\/ceng\/files\/2019\/04\/a291ebf0-752f-475d-ac16-fd764a842909.jpeg\"><img class=\"aligncenter size-large wp-image-5286\" src=\"https:\/\/wp.ufpel.edu.br\/ceng\/files\/2019\/04\/a291ebf0-752f-475d-ac16-fd764a842909-1024x768.jpeg\" alt=\"\" width=\"1024\" height=\"768\" srcset=\"https:\/\/wp.ufpel.edu.br\/ceng\/files\/2019\/04\/a291ebf0-752f-475d-ac16-fd764a842909-1024x768.jpeg 1024w, https:\/\/wp.ufpel.edu.br\/ceng\/files\/2019\/04\/a291ebf0-752f-475d-ac16-fd764a842909-400x300.jpeg 400w, https:\/\/wp.ufpel.edu.br\/ceng\/files\/2019\/04\/a291ebf0-752f-475d-ac16-fd764a842909-768x576.jpeg 768w, https:\/\/wp.ufpel.edu.br\/ceng\/files\/2019\/04\/a291ebf0-752f-475d-ac16-fd764a842909.jpeg 1280w\" sizes=\"(max-width: 1024px) 100vw, 1024px\" \/><\/a><\/div>\n<\/div>\n","protected":false},"excerpt":{"rendered":"<p>Na tarde da \u00faltima quarta-feira, 10\/04, houve uma reuni\u00e3o no Centro de Engenharias da UFPel para discutir a proposta de uma pra\u00e7a linear na zona do Porto. O projeto, idealizado por professores da Universidade Federal de Pelotas, vem sendo desenvolvido por professores e alunos da Universidade Cat\u00f3lica de Pelotas. A proposta prev\u00ea, inicialmente, academia ao [&hellip;]<\/p>\n","protected":false},"author":67,"featured_media":0,"comment_status":"closed","ping_status":"closed","sticky":false,"template":"","format":"standard","meta":{"footnotes":""},"categories":[1],"tags":[],"class_list":["post-5284","post","type-post","status-publish","format-standard","hentry","category-ultimos-posts"],"jetpack_featured_media_url":"","publishpress_future_action":{"enabled":false,"date":"2026-05-03 19:27:36","action":"change-status","newStatus":"draft","terms":[],"taxonomy":"category","extraData":[]},"publishpress_future_workflow_manual_trigger":{"enabledWorkflows":[]},"_links":{"self":[{"href":"https:\/\/wp.ufpel.edu.br\/ceng\/wp-json\/wp\/v2\/posts\/5284","targetHints":{"allow":["GET"]}}],"collection":[{"href":"https:\/\/wp.ufpel.edu.br\/ceng\/wp-json\/wp\/v2\/posts"}],"about":[{"href":"https:\/\/wp.ufpel.edu.br\/ceng\/wp-json\/wp\/v2\/types\/post"}],"author":[{"embeddable":true,"href":"https:\/\/wp.ufpel.edu.br\/ceng\/wp-json\/wp\/v2\/users\/67"}],"replies":[{"embeddable":true,"href":"https:\/\/wp.ufpel.edu.br\/ceng\/wp-json\/wp\/v2\/comments?post=5284"}],"version-history":[{"count":1,"href":"https:\/\/wp.ufpel.edu.br\/ceng\/wp-json\/wp\/v2\/posts\/5284\/revisions"}],"predecessor-version":[{"id":5287,"href":"https:\/\/wp.ufpel.edu.br\/ceng\/wp-json\/wp\/v2\/posts\/5284\/revisions\/5287"}],"wp:attachment":[{"href":"https:\/\/wp.ufpel.edu.br\/ceng\/wp-json\/wp\/v2\/media?parent=5284"}],"wp:term":[{"taxonomy":"category","embeddable":true,"href":"https:\/\/wp.ufpel.edu.br\/ceng\/wp-json\/wp\/v2\/categories?post=5284"},{"taxonomy":"post_tag","embeddable":true,"href":"https:\/\/wp.ufpel.edu.br\/ceng\/wp-json\/wp\/v2\/tags?post=5284"}],"curies":[{"name":"wp","href":"https:\/\/api.w.org\/{rel}","templated":true}]}}