{"id":5153,"date":"2019-03-18T14:26:17","date_gmt":"2019-03-18T17:26:17","guid":{"rendered":"https:\/\/wp.ufpel.edu.br\/ceng\/?p=5153"},"modified":"2019-03-18T14:27:00","modified_gmt":"2019-03-18T17:27:00","slug":"4-novas-salas-de-aula-no-ceng-cotada","status":"publish","type":"post","link":"https:\/\/wp.ufpel.edu.br\/ceng\/4-novas-salas-de-aula-no-ceng-cotada\/","title":{"rendered":"Centro de Engenharias conta com quatro novas salas de aula"},"content":{"rendered":"<p>A partir do semestre 2019\/1, o Centro de Engenharias conta com mais 4 salas de aulas entre os pr\u00e9dios da Cotada e da Alf\u00e2ndega, atendendo a um pedido da comunidade acad\u00eamica de redu\u00e7\u00e3o no tr\u00e2nsito entre os diferentes pr\u00e9dios da Universidade e concentrando as atividades did\u00e1ticas da nossa Unidade.<\/p>\n<p><a href=\"https:\/\/wp.ufpel.edu.br\/ceng\/files\/2019\/03\/9624ca19-a9ce-45af-b106-e7eec79aa290.jpg\"><img class=\"aligncenter size-large wp-image-5155\" src=\"https:\/\/wp.ufpel.edu.br\/ceng\/files\/2019\/03\/9624ca19-a9ce-45af-b106-e7eec79aa290-1024x576.jpg\" alt=\"\" width=\"1024\" height=\"576\" srcset=\"https:\/\/wp.ufpel.edu.br\/ceng\/files\/2019\/03\/9624ca19-a9ce-45af-b106-e7eec79aa290-1024x576.jpg 1024w, https:\/\/wp.ufpel.edu.br\/ceng\/files\/2019\/03\/9624ca19-a9ce-45af-b106-e7eec79aa290-400x225.jpg 400w, https:\/\/wp.ufpel.edu.br\/ceng\/files\/2019\/03\/9624ca19-a9ce-45af-b106-e7eec79aa290-768x432.jpg 768w, https:\/\/wp.ufpel.edu.br\/ceng\/files\/2019\/03\/9624ca19-a9ce-45af-b106-e7eec79aa290.jpg 1040w\" sizes=\"(max-width: 1024px) 100vw, 1024px\" \/><\/a><\/p>\n<p><a href=\"https:\/\/wp.ufpel.edu.br\/ceng\/files\/2019\/03\/11be0600-5146-4076-bc44-76916e71e68f.jpeg\"><img class=\"aligncenter size-large wp-image-5156\" src=\"https:\/\/wp.ufpel.edu.br\/ceng\/files\/2019\/03\/11be0600-5146-4076-bc44-76916e71e68f-1024x768.jpeg\" alt=\"\" width=\"1024\" height=\"768\" srcset=\"https:\/\/wp.ufpel.edu.br\/ceng\/files\/2019\/03\/11be0600-5146-4076-bc44-76916e71e68f-1024x768.jpeg 1024w, https:\/\/wp.ufpel.edu.br\/ceng\/files\/2019\/03\/11be0600-5146-4076-bc44-76916e71e68f-400x300.jpeg 400w, https:\/\/wp.ufpel.edu.br\/ceng\/files\/2019\/03\/11be0600-5146-4076-bc44-76916e71e68f-768x576.jpeg 768w, https:\/\/wp.ufpel.edu.br\/ceng\/files\/2019\/03\/11be0600-5146-4076-bc44-76916e71e68f.jpeg 1040w\" sizes=\"(max-width: 1024px) 100vw, 1024px\" \/><\/a><\/p>\n","protected":false},"excerpt":{"rendered":"<p>A partir do semestre 2019\/1, o Centro de Engenharias conta com mais 4 salas de aulas entre os pr\u00e9dios da Cotada e da Alf\u00e2ndega, atendendo a um pedido da comunidade acad\u00eamica de redu\u00e7\u00e3o no tr\u00e2nsito entre os diferentes pr\u00e9dios da Universidade e concentrando as atividades did\u00e1ticas da nossa Unidade.<\/p>\n","protected":false},"author":67,"featured_media":0,"comment_status":"closed","ping_status":"closed","sticky":false,"template":"","format":"standard","meta":{"footnotes":""},"categories":[1],"tags":[],"class_list":["post-5153","post","type-post","status-publish","format-standard","hentry","category-ultimos-posts"],"jetpack_featured_media_url":"","publishpress_future_action":{"enabled":false,"date":"2026-05-05 20:34:15","action":"change-status","newStatus":"draft","terms":[],"taxonomy":"category","extraData":[]},"publishpress_future_workflow_manual_trigger":{"enabledWorkflows":[]},"_links":{"self":[{"href":"https:\/\/wp.ufpel.edu.br\/ceng\/wp-json\/wp\/v2\/posts\/5153","targetHints":{"allow":["GET"]}}],"collection":[{"href":"https:\/\/wp.ufpel.edu.br\/ceng\/wp-json\/wp\/v2\/posts"}],"about":[{"href":"https:\/\/wp.ufpel.edu.br\/ceng\/wp-json\/wp\/v2\/types\/post"}],"author":[{"embeddable":true,"href":"https:\/\/wp.ufpel.edu.br\/ceng\/wp-json\/wp\/v2\/users\/67"}],"replies":[{"embeddable":true,"href":"https:\/\/wp.ufpel.edu.br\/ceng\/wp-json\/wp\/v2\/comments?post=5153"}],"version-history":[{"count":2,"href":"https:\/\/wp.ufpel.edu.br\/ceng\/wp-json\/wp\/v2\/posts\/5153\/revisions"}],"predecessor-version":[{"id":5158,"href":"https:\/\/wp.ufpel.edu.br\/ceng\/wp-json\/wp\/v2\/posts\/5153\/revisions\/5158"}],"wp:attachment":[{"href":"https:\/\/wp.ufpel.edu.br\/ceng\/wp-json\/wp\/v2\/media?parent=5153"}],"wp:term":[{"taxonomy":"category","embeddable":true,"href":"https:\/\/wp.ufpel.edu.br\/ceng\/wp-json\/wp\/v2\/categories?post=5153"},{"taxonomy":"post_tag","embeddable":true,"href":"https:\/\/wp.ufpel.edu.br\/ceng\/wp-json\/wp\/v2\/tags?post=5153"}],"curies":[{"name":"wp","href":"https:\/\/api.w.org\/{rel}","templated":true}]}}