{"id":4963,"date":"2019-02-13T11:52:40","date_gmt":"2019-02-13T13:52:40","guid":{"rendered":"https:\/\/wp.ufpel.edu.br\/ceng\/?p=4963"},"modified":"2019-02-18T09:49:25","modified_gmt":"2019-02-18T12:49:25","slug":"colacao-de-grau-solene-engenharia-de-producao","status":"publish","type":"post","link":"https:\/\/wp.ufpel.edu.br\/ceng\/colacao-de-grau-solene-engenharia-de-producao\/","title":{"rendered":"Cola\u00e7\u00e3o de Grau Solene &#8211; Engenharia de Produ\u00e7\u00e3o"},"content":{"rendered":"<p>Ocorreu no \u00faltimo dia 08\/02\/2019, no Teatro Guarany, a Cola\u00e7\u00e3o de Grau Solene do curso de Engenharia de Produ\u00e7\u00e3o, do Centro de Engenharias.<\/p>\n<p>A Dire\u00e7\u00e3o do Centro de Engenharias parabeniza o curso de Engenharia de Produ\u00e7\u00e3o na figura de seus docentes, t\u00e9cnicos e discentes, bem como aos familiares e, principalmente, aos novos engenheiros formados! Sucesso!<\/p>\n<p><strong>ENGENHARIA DE PRODU\u00c7\u00c3O<\/strong><\/p>\n<p>Bruna Fronza dos Santos<br \/>\nBruno Coelho Mendes<br \/>\nBruno Katz Val\u00e9rio<br \/>\nCain\u00e3 Rosa Pereira<br \/>\nDieims Silva Martins<br \/>\nEder Geovane Schmitt<br \/>\nEduardo Carvalho Sanchez<br \/>\nGabriela Zulzbach<br \/>\nHerena Marina Schuler<br \/>\nJuliano \u00c1vila da Silva Hallal<br \/>\nLeonardo Hubner Waskow<br \/>\nMateus Moreira Bueno<br \/>\nMatheus Ribeiro Pereira<br \/>\nPhilip Soares do Amaral<br \/>\nQueila da Silva Rodeghiero<br \/>\nRamon Haas<br \/>\nSandriane Pereira Miranda<\/p>\n<p>Patrono Leonardo Rosa Rohde<br \/>\nParaninfo Alejandro Martins Rodriguez<\/p>\n<p><a href=\"https:\/\/wp.ufpel.edu.br\/ceng\/files\/2019\/02\/Eng-Prod.-IMG-1022.jpg\"><img class=\"aligncenter size-large wp-image-4974\" src=\"https:\/\/wp.ufpel.edu.br\/ceng\/files\/2019\/02\/Eng-Prod.-IMG-1022-1024x768.jpg\" alt=\"\" width=\"1024\" height=\"768\" srcset=\"https:\/\/wp.ufpel.edu.br\/ceng\/files\/2019\/02\/Eng-Prod.-IMG-1022.jpg 1024w, https:\/\/wp.ufpel.edu.br\/ceng\/files\/2019\/02\/Eng-Prod.-IMG-1022-400x300.jpg 400w, https:\/\/wp.ufpel.edu.br\/ceng\/files\/2019\/02\/Eng-Prod.-IMG-1022-768x576.jpg 768w\" sizes=\"(max-width: 1024px) 100vw, 1024px\" \/><\/a><\/p>\n<p>&nbsp;<\/p>\n","protected":false},"excerpt":{"rendered":"<p>Ocorreu no \u00faltimo dia 08\/02\/2019, no Teatro Guarany, a Cola\u00e7\u00e3o de Grau Solene do curso de Engenharia de Produ\u00e7\u00e3o, do Centro de Engenharias. A Dire\u00e7\u00e3o do Centro de Engenharias parabeniza o curso de Engenharia de Produ\u00e7\u00e3o na figura de seus docentes, t\u00e9cnicos e discentes, bem como aos familiares e, principalmente, aos novos engenheiros formados! Sucesso! [&hellip;]<\/p>\n","protected":false},"author":67,"featured_media":0,"comment_status":"closed","ping_status":"closed","sticky":false,"template":"","format":"standard","meta":{"footnotes":""},"categories":[1],"tags":[],"class_list":["post-4963","post","type-post","status-publish","format-standard","hentry","category-ultimos-posts"],"jetpack_featured_media_url":"","publishpress_future_action":{"enabled":false,"date":"2026-05-07 08:36:25","action":"change-status","newStatus":"draft","terms":[],"taxonomy":"category","extraData":[]},"publishpress_future_workflow_manual_trigger":{"enabledWorkflows":[]},"_links":{"self":[{"href":"https:\/\/wp.ufpel.edu.br\/ceng\/wp-json\/wp\/v2\/posts\/4963","targetHints":{"allow":["GET"]}}],"collection":[{"href":"https:\/\/wp.ufpel.edu.br\/ceng\/wp-json\/wp\/v2\/posts"}],"about":[{"href":"https:\/\/wp.ufpel.edu.br\/ceng\/wp-json\/wp\/v2\/types\/post"}],"author":[{"embeddable":true,"href":"https:\/\/wp.ufpel.edu.br\/ceng\/wp-json\/wp\/v2\/users\/67"}],"replies":[{"embeddable":true,"href":"https:\/\/wp.ufpel.edu.br\/ceng\/wp-json\/wp\/v2\/comments?post=4963"}],"version-history":[{"count":5,"href":"https:\/\/wp.ufpel.edu.br\/ceng\/wp-json\/wp\/v2\/posts\/4963\/revisions"}],"predecessor-version":[{"id":4977,"href":"https:\/\/wp.ufpel.edu.br\/ceng\/wp-json\/wp\/v2\/posts\/4963\/revisions\/4977"}],"wp:attachment":[{"href":"https:\/\/wp.ufpel.edu.br\/ceng\/wp-json\/wp\/v2\/media?parent=4963"}],"wp:term":[{"taxonomy":"category","embeddable":true,"href":"https:\/\/wp.ufpel.edu.br\/ceng\/wp-json\/wp\/v2\/categories?post=4963"},{"taxonomy":"post_tag","embeddable":true,"href":"https:\/\/wp.ufpel.edu.br\/ceng\/wp-json\/wp\/v2\/tags?post=4963"}],"curies":[{"name":"wp","href":"https:\/\/api.w.org\/{rel}","templated":true}]}}