{"id":4933,"date":"2019-01-28T11:18:08","date_gmt":"2019-01-28T13:18:08","guid":{"rendered":"https:\/\/wp.ufpel.edu.br\/ceng\/?p=4933"},"modified":"2019-01-28T11:21:32","modified_gmt":"2019-01-28T13:21:32","slug":"oportunidade-de-bolsa-no-projeto-gama-2","status":"publish","type":"post","link":"https:\/\/wp.ufpel.edu.br\/ceng\/oportunidade-de-bolsa-no-projeto-gama-2\/","title":{"rendered":"Oportunidade de Bolsa no Projeto GAMA"},"content":{"rendered":"<div><span style=\"font-size: small\">O projeto GAMA: Grupo de Apoio em Matem\u00e1tica, mantido em parceria com o IFM &#8211; Instituto de F\u00edsica e Matem\u00e1tica e PRE &#8211; Pr\u00f3-reitoria de Ensino, abriu inscri\u00e7\u00f5es para o preenchimento de 1 (uma) bolsa de ensino, mais cadastro de reserva para o per\u00edodo de vig\u00eancia da bolsa.<br \/>\n<\/span><\/div>\n<div><span style=\"font-size: small\">\u00a0<\/span><\/div>\n<div><span style=\"font-size: small\">O per\u00edodo de atividade da bolsa ser\u00e1 de 16 de fevereiro de 2019 a 31 de mar\u00e7o de 2019.<br \/>\n<\/span><\/div>\n<div><span style=\"font-size: small\">\u00a0<\/span><\/div>\n<div><span style=\"font-size: small\">As inscri\u00e7\u00f5es ocorrem de 28 de janeiro de 2019 a 01 de fevereiro de 2019.<\/span><\/div>\n<div><span style=\"font-size: small\">\u00a0<\/span><\/div>\n<div><span style=\"font-size: small\">A sele\u00e7\u00e3o ser\u00e1 realizada no dia\u00a004\/02\/19.<\/span><\/div>\n<div><span style=\"font-size: small\">\u00a0<\/span><\/div>\n<div><span style=\"font-size: small\">Inscri\u00e7\u00f5es e maiores informa\u00e7\u00f5es podem ser obtidas na p\u00e1gina do Projeto GAMA:\u00a0<a href=\"http:\/\/wp.ufpel.edu.br\/projetogama\/\" target=\"_blank\" rel=\"noopener\">http:\/\/wp.ufpel.edu.br\/<\/a><\/span><\/div>\n<div>Acesse o edital abaixo:<\/div>\n<div><span style=\"font-size: small\"><a href=\"http:\/\/wp.ufpel.edu.br\/projetogama\/\" target=\"_blank\" rel=\"noopener\">projetogama\/<\/a><\/span><a href=\"https:\/\/wp.ufpel.edu.br\/ceng\/files\/2019\/01\/Edital_03_2018_2_e_2019_1.pdf\">Edital_de sele\u00e7\u00e3o<\/a><\/div>\n","protected":false},"excerpt":{"rendered":"<p>O projeto GAMA: Grupo de Apoio em Matem\u00e1tica, mantido em parceria com o IFM &#8211; Instituto de F\u00edsica e Matem\u00e1tica e PRE &#8211; Pr\u00f3-reitoria de Ensino, abriu inscri\u00e7\u00f5es para o preenchimento de 1 (uma) bolsa de ensino, mais cadastro de reserva para o per\u00edodo de vig\u00eancia da bolsa. \u00a0 O per\u00edodo de atividade da bolsa [&hellip;]<\/p>\n","protected":false},"author":67,"featured_media":0,"comment_status":"closed","ping_status":"closed","sticky":false,"template":"","format":"standard","meta":{"footnotes":""},"categories":[1],"tags":[],"class_list":["post-4933","post","type-post","status-publish","format-standard","hentry","category-ultimos-posts"],"jetpack_featured_media_url":"","publishpress_future_action":{"enabled":false,"date":"2026-05-06 23:02:46","action":"change-status","newStatus":"draft","terms":[],"taxonomy":"category","extraData":[]},"publishpress_future_workflow_manual_trigger":{"enabledWorkflows":[]},"_links":{"self":[{"href":"https:\/\/wp.ufpel.edu.br\/ceng\/wp-json\/wp\/v2\/posts\/4933","targetHints":{"allow":["GET"]}}],"collection":[{"href":"https:\/\/wp.ufpel.edu.br\/ceng\/wp-json\/wp\/v2\/posts"}],"about":[{"href":"https:\/\/wp.ufpel.edu.br\/ceng\/wp-json\/wp\/v2\/types\/post"}],"author":[{"embeddable":true,"href":"https:\/\/wp.ufpel.edu.br\/ceng\/wp-json\/wp\/v2\/users\/67"}],"replies":[{"embeddable":true,"href":"https:\/\/wp.ufpel.edu.br\/ceng\/wp-json\/wp\/v2\/comments?post=4933"}],"version-history":[{"count":3,"href":"https:\/\/wp.ufpel.edu.br\/ceng\/wp-json\/wp\/v2\/posts\/4933\/revisions"}],"predecessor-version":[{"id":4938,"href":"https:\/\/wp.ufpel.edu.br\/ceng\/wp-json\/wp\/v2\/posts\/4933\/revisions\/4938"}],"wp:attachment":[{"href":"https:\/\/wp.ufpel.edu.br\/ceng\/wp-json\/wp\/v2\/media?parent=4933"}],"wp:term":[{"taxonomy":"category","embeddable":true,"href":"https:\/\/wp.ufpel.edu.br\/ceng\/wp-json\/wp\/v2\/categories?post=4933"},{"taxonomy":"post_tag","embeddable":true,"href":"https:\/\/wp.ufpel.edu.br\/ceng\/wp-json\/wp\/v2\/tags?post=4933"}],"curies":[{"name":"wp","href":"https:\/\/api.w.org\/{rel}","templated":true}]}}