{"id":4924,"date":"2019-01-24T12:52:33","date_gmt":"2019-01-24T14:52:33","guid":{"rendered":"https:\/\/wp.ufpel.edu.br\/ceng\/?p=4924"},"modified":"2019-01-24T12:52:33","modified_gmt":"2019-01-24T14:52:33","slug":"aviso-mudanca-da-sala-dos-colegiados","status":"publish","type":"post","link":"https:\/\/wp.ufpel.edu.br\/ceng\/aviso-mudanca-da-sala-dos-colegiados\/","title":{"rendered":"Aviso &#8211; mudan\u00e7a da sala dos Colegiados"},"content":{"rendered":"<p>Em virtude da mudan\u00e7a de sala, a Secretaria Acad\u00eamico-Pedag\u00f3gica (Colegiados), temporariamente est\u00e1 sem telefone.<\/p>\n<p>Para contato, favor ligar para a Secretaria Administrativa (telefones: 3284-1702 ou 1703).<\/p>\n","protected":false},"excerpt":{"rendered":"<p>Em virtude da mudan\u00e7a de sala, a Secretaria Acad\u00eamico-Pedag\u00f3gica (Colegiados), temporariamente est\u00e1 sem telefone. Para contato, favor ligar para a Secretaria Administrativa (telefones: 3284-1702 ou 1703).<\/p>\n","protected":false},"author":67,"featured_media":0,"comment_status":"closed","ping_status":"closed","sticky":false,"template":"","format":"standard","meta":{"footnotes":""},"categories":[1],"tags":[48996],"class_list":["post-4924","post","type-post","status-publish","format-standard","hentry","category-ultimos-posts","tag-secretaria-academico-pedagogica"],"jetpack_featured_media_url":"","publishpress_future_action":{"enabled":false,"date":"2026-05-07 08:43:07","action":"change-status","newStatus":"draft","terms":[],"taxonomy":"category","extraData":[]},"publishpress_future_workflow_manual_trigger":{"enabledWorkflows":[]},"_links":{"self":[{"href":"https:\/\/wp.ufpel.edu.br\/ceng\/wp-json\/wp\/v2\/posts\/4924","targetHints":{"allow":["GET"]}}],"collection":[{"href":"https:\/\/wp.ufpel.edu.br\/ceng\/wp-json\/wp\/v2\/posts"}],"about":[{"href":"https:\/\/wp.ufpel.edu.br\/ceng\/wp-json\/wp\/v2\/types\/post"}],"author":[{"embeddable":true,"href":"https:\/\/wp.ufpel.edu.br\/ceng\/wp-json\/wp\/v2\/users\/67"}],"replies":[{"embeddable":true,"href":"https:\/\/wp.ufpel.edu.br\/ceng\/wp-json\/wp\/v2\/comments?post=4924"}],"version-history":[{"count":1,"href":"https:\/\/wp.ufpel.edu.br\/ceng\/wp-json\/wp\/v2\/posts\/4924\/revisions"}],"predecessor-version":[{"id":4926,"href":"https:\/\/wp.ufpel.edu.br\/ceng\/wp-json\/wp\/v2\/posts\/4924\/revisions\/4926"}],"wp:attachment":[{"href":"https:\/\/wp.ufpel.edu.br\/ceng\/wp-json\/wp\/v2\/media?parent=4924"}],"wp:term":[{"taxonomy":"category","embeddable":true,"href":"https:\/\/wp.ufpel.edu.br\/ceng\/wp-json\/wp\/v2\/categories?post=4924"},{"taxonomy":"post_tag","embeddable":true,"href":"https:\/\/wp.ufpel.edu.br\/ceng\/wp-json\/wp\/v2\/tags?post=4924"}],"curies":[{"name":"wp","href":"https:\/\/api.w.org\/{rel}","templated":true}]}}