{"id":4851,"date":"2018-12-21T07:59:58","date_gmt":"2018-12-21T09:59:58","guid":{"rendered":"https:\/\/wp.ufpel.edu.br\/ceng\/?p=4851"},"modified":"2018-12-21T07:59:58","modified_gmt":"2018-12-21T09:59:58","slug":"ufpel-assina-protocolo-de-intencoes-com-o-sindicato-dos-engenheiros","status":"publish","type":"post","link":"https:\/\/wp.ufpel.edu.br\/ceng\/ufpel-assina-protocolo-de-intencoes-com-o-sindicato-dos-engenheiros\/","title":{"rendered":"UFPel assina protocolo de inten\u00e7\u00f5es com o Sindicato dos Engenheiros"},"content":{"rendered":"<p>Na manh\u00e3 desta quinta-feira (20\/12\/2018) foi assinado o \u00a0protocolo de inten\u00e7\u00f5es entre a Universidade Federal de Pelotas e o Sindicado dos Engenheiros do Rio Grande do Sul (SENGE-RS), visando a\u00e7\u00f5es conjuntas no \u00e2mbito da qualifica\u00e7\u00e3o profissional, por meio de interc\u00e2mbio t\u00e9cnico, cient\u00edfico e cultural, e tamb\u00e9m a expans\u00e3o das atividades de ensino, pesquisa e extens\u00e3o das duas institui\u00e7\u00f5es. Presentes no ato o reitor da UFPEL, Pedro Rodrigues Curi Hallal,\u00a0a Diretora do Centro de Engenharias da UFPEL, Isabela Fernandes Andrade,\u00a0o presidente do SENGE-RS, Alexandre Wollmann e a diretora regional do Sindicato, Alice Scholl.<\/p>\n<div class=\"yj6qo ajU\"><\/div>\n<div><a href=\"https:\/\/wp.ufpel.edu.br\/ceng\/files\/2018\/12\/20181220152514-ufpel201218-assinatura2.jpg\"><img class=\"aligncenter size-full wp-image-4856\" src=\"https:\/\/wp.ufpel.edu.br\/ceng\/files\/2018\/12\/20181220152514-ufpel201218-assinatura2.jpg\" alt=\"\" width=\"1000\" height=\"601\" srcset=\"https:\/\/wp.ufpel.edu.br\/ceng\/files\/2018\/12\/20181220152514-ufpel201218-assinatura2.jpg 1000w, https:\/\/wp.ufpel.edu.br\/ceng\/files\/2018\/12\/20181220152514-ufpel201218-assinatura2-400x240.jpg 400w, https:\/\/wp.ufpel.edu.br\/ceng\/files\/2018\/12\/20181220152514-ufpel201218-assinatura2-768x462.jpg 768w\" sizes=\"(max-width: 1000px) 100vw, 1000px\" \/><\/a><\/div>\n<div><\/div>\n<div><a href=\"https:\/\/wp.ufpel.edu.br\/ceng\/files\/2018\/12\/20181220152510-ufpel201218-assinatura-1.jpg\"><img class=\"aligncenter size-full wp-image-4857\" src=\"https:\/\/wp.ufpel.edu.br\/ceng\/files\/2018\/12\/20181220152510-ufpel201218-assinatura-1.jpg\" alt=\"\" width=\"1000\" height=\"662\" srcset=\"https:\/\/wp.ufpel.edu.br\/ceng\/files\/2018\/12\/20181220152510-ufpel201218-assinatura-1.jpg 1000w, https:\/\/wp.ufpel.edu.br\/ceng\/files\/2018\/12\/20181220152510-ufpel201218-assinatura-1-400x265.jpg 400w, https:\/\/wp.ufpel.edu.br\/ceng\/files\/2018\/12\/20181220152510-ufpel201218-assinatura-1-768x508.jpg 768w\" sizes=\"(max-width: 1000px) 100vw, 1000px\" \/><\/a><\/div>\n","protected":false},"excerpt":{"rendered":"<p>Na manh\u00e3 desta quinta-feira (20\/12\/2018) foi assinado o \u00a0protocolo de inten\u00e7\u00f5es entre a Universidade Federal de Pelotas e o Sindicado dos Engenheiros do Rio Grande do Sul (SENGE-RS), visando a\u00e7\u00f5es conjuntas no \u00e2mbito da qualifica\u00e7\u00e3o profissional, por meio de interc\u00e2mbio t\u00e9cnico, cient\u00edfico e cultural, e tamb\u00e9m a expans\u00e3o das atividades de ensino, pesquisa e extens\u00e3o [&hellip;]<\/p>\n","protected":false},"author":67,"featured_media":0,"comment_status":"closed","ping_status":"closed","sticky":false,"template":"","format":"standard","meta":{"footnotes":""},"categories":[1],"tags":[],"class_list":["post-4851","post","type-post","status-publish","format-standard","hentry","category-ultimos-posts"],"jetpack_featured_media_url":"","publishpress_future_action":{"enabled":false,"date":"2026-05-05 17:17:06","action":"change-status","newStatus":"draft","terms":[],"taxonomy":"category","extraData":[]},"publishpress_future_workflow_manual_trigger":{"enabledWorkflows":[]},"_links":{"self":[{"href":"https:\/\/wp.ufpel.edu.br\/ceng\/wp-json\/wp\/v2\/posts\/4851","targetHints":{"allow":["GET"]}}],"collection":[{"href":"https:\/\/wp.ufpel.edu.br\/ceng\/wp-json\/wp\/v2\/posts"}],"about":[{"href":"https:\/\/wp.ufpel.edu.br\/ceng\/wp-json\/wp\/v2\/types\/post"}],"author":[{"embeddable":true,"href":"https:\/\/wp.ufpel.edu.br\/ceng\/wp-json\/wp\/v2\/users\/67"}],"replies":[{"embeddable":true,"href":"https:\/\/wp.ufpel.edu.br\/ceng\/wp-json\/wp\/v2\/comments?post=4851"}],"version-history":[{"count":1,"href":"https:\/\/wp.ufpel.edu.br\/ceng\/wp-json\/wp\/v2\/posts\/4851\/revisions"}],"predecessor-version":[{"id":4858,"href":"https:\/\/wp.ufpel.edu.br\/ceng\/wp-json\/wp\/v2\/posts\/4851\/revisions\/4858"}],"wp:attachment":[{"href":"https:\/\/wp.ufpel.edu.br\/ceng\/wp-json\/wp\/v2\/media?parent=4851"}],"wp:term":[{"taxonomy":"category","embeddable":true,"href":"https:\/\/wp.ufpel.edu.br\/ceng\/wp-json\/wp\/v2\/categories?post=4851"},{"taxonomy":"post_tag","embeddable":true,"href":"https:\/\/wp.ufpel.edu.br\/ceng\/wp-json\/wp\/v2\/tags?post=4851"}],"curies":[{"name":"wp","href":"https:\/\/api.w.org\/{rel}","templated":true}]}}