{"id":3935,"date":"2018-07-17T17:13:57","date_gmt":"2018-07-17T20:13:57","guid":{"rendered":"https:\/\/wp.ufpel.edu.br\/ceng\/?p=3935"},"modified":"2018-08-13T10:09:32","modified_gmt":"2018-08-13T13:09:32","slug":"palestra-decio-oddone-diretor-geral-da-anp","status":"publish","type":"post","link":"https:\/\/wp.ufpel.edu.br\/ceng\/palestra-decio-oddone-diretor-geral-da-anp\/","title":{"rendered":"PALESTRA D\u00c9CIO ODDONE, DIRETOR-GERAL DA ANP"},"content":{"rendered":"<div>\n<p>\u00c9 com grande prazer que o Cap\u00edtulo Estudantil SPE UFPel apresenta e convida \u00e0 toda a comunidade pelotense para participar da Palestra \u201cPetr\u00f3leo, G\u00e1s Natural e Biocombust\u00edveis no Brasil\u201d a ser ministrada pelo excelent\u00edssimo Sr. D\u00e9cio Oddone.<\/p>\n<p>D\u00e9cio Oddone \u00e9 hoje uma das figuras mais importantes e influentes na ind\u00fastria de \u00f3leo e g\u00e1s brasileira, ocupando o cargo de Diretor-Geral da Ag\u00eancia Nacional de Petr\u00f3leo, G\u00e1s Natural e Biocombust\u00edveis (ANP) desde o final de 2016, e vir\u00e1 \u00e0 Pelotas exclusivamente para ministrar a Palestra.<\/p>\n<p>D\u00e9cio \u00e9 formado em Engenharia El\u00e9trica pela UFRGS, Engenharia de Petr\u00f3leo pela Petrobras e no Advanced Management Program pela Harvard Business School. Antes de ocupar o cargo de Diretor-Geral da ANP, atuou como Vice Presidente da Braskem, CEO da Petrobras Energia S.A. e Presidente da Petrobras Bol\u00edvia S. A.<\/p>\n<p>A Palestra \u201cPetr\u00f3leo, G\u00e1s Natural e Biocombust\u00edveis no Brasil\u201d ser\u00e1 aberta \u00e0 comunidade, e acontecer\u00e1 na manh\u00e3 de ter\u00e7a-feira, 24 de julho, a partir das 09:30, no Audit\u00f3rio PPGO da Faculdade de Odontologia UFPel (5\u00ba andar).<\/p>\n<p>As inscri\u00e7\u00f5es podem ser realizadas pelo link site (<a href=\"http:\/\/www.speufpel.com\/\" target=\"_blank\" rel=\"nofollow noopener\">www.speufpel.com<\/a>) e ser\u00e3o emitidos certificados de participa\u00e7\u00e3o.<\/p>\n<p>N\u00e3o fique de fora dessa oportunidade \u00fanica de presenciar uma Palestra ministrada por um dos profissionais mais importantes da ind\u00fastria de petr\u00f3leo brasileira, participe!&#8221;<\/p>\n<\/div>\n<div><\/div>\n<div>Link para o evento no facebook:\u00a0<a href=\"https:\/\/www.facebook.com\/events\/484007448712184\/\" target=\"_blank\" rel=\"noopener\">https:\/\/www.facebook.com\/events\/484007448712184\/<\/a><\/div>\n<div><\/div>\n<div><\/div>\n<div><a href=\"https:\/\/wp.ufpel.edu.br\/ceng\/files\/2018\/07\/Palestra-D\u00e9cio-Oddone.jpg\"><img class=\"aligncenter size-large wp-image-3937\" src=\"https:\/\/wp.ufpel.edu.br\/ceng\/files\/2018\/07\/Palestra-D\u00e9cio-Oddone-1024x536.jpg\" alt=\"\" width=\"1024\" height=\"536\" srcset=\"https:\/\/wp.ufpel.edu.br\/ceng\/files\/2018\/07\/Palestra-D\u00e9cio-Oddone-1024x536.jpg 1024w, https:\/\/wp.ufpel.edu.br\/ceng\/files\/2018\/07\/Palestra-D\u00e9cio-Oddone-400x209.jpg 400w, https:\/\/wp.ufpel.edu.br\/ceng\/files\/2018\/07\/Palestra-D\u00e9cio-Oddone-768x402.jpg 768w, https:\/\/wp.ufpel.edu.br\/ceng\/files\/2018\/07\/Palestra-D\u00e9cio-Oddone.jpg 1200w\" sizes=\"(max-width: 1024px) 100vw, 1024px\" \/><\/a><\/div>\n","protected":false},"excerpt":{"rendered":"<p>\u00c9 com grande prazer que o Cap\u00edtulo Estudantil SPE UFPel apresenta e convida \u00e0 toda a comunidade pelotense para participar da Palestra \u201cPetr\u00f3leo, G\u00e1s Natural e Biocombust\u00edveis no Brasil\u201d a ser ministrada pelo excelent\u00edssimo Sr. D\u00e9cio Oddone. D\u00e9cio Oddone \u00e9 hoje uma das figuras mais importantes e influentes na ind\u00fastria de \u00f3leo e g\u00e1s brasileira, [&hellip;]<\/p>\n","protected":false},"author":67,"featured_media":0,"comment_status":"closed","ping_status":"closed","sticky":false,"template":"","format":"standard","meta":{"footnotes":""},"categories":[48894,1],"tags":[48865],"class_list":["post-3935","post","type-post","status-publish","format-standard","hentry","category-eventos","category-ultimos-posts","tag-palestra"],"jetpack_featured_media_url":"","publishpress_future_action":{"enabled":false,"date":"2026-05-05 02:38:57","action":"change-status","newStatus":"draft","terms":[],"taxonomy":"category","extraData":[]},"publishpress_future_workflow_manual_trigger":{"enabledWorkflows":[]},"_links":{"self":[{"href":"https:\/\/wp.ufpel.edu.br\/ceng\/wp-json\/wp\/v2\/posts\/3935","targetHints":{"allow":["GET"]}}],"collection":[{"href":"https:\/\/wp.ufpel.edu.br\/ceng\/wp-json\/wp\/v2\/posts"}],"about":[{"href":"https:\/\/wp.ufpel.edu.br\/ceng\/wp-json\/wp\/v2\/types\/post"}],"author":[{"embeddable":true,"href":"https:\/\/wp.ufpel.edu.br\/ceng\/wp-json\/wp\/v2\/users\/67"}],"replies":[{"embeddable":true,"href":"https:\/\/wp.ufpel.edu.br\/ceng\/wp-json\/wp\/v2\/comments?post=3935"}],"version-history":[{"count":3,"href":"https:\/\/wp.ufpel.edu.br\/ceng\/wp-json\/wp\/v2\/posts\/3935\/revisions"}],"predecessor-version":[{"id":3940,"href":"https:\/\/wp.ufpel.edu.br\/ceng\/wp-json\/wp\/v2\/posts\/3935\/revisions\/3940"}],"wp:attachment":[{"href":"https:\/\/wp.ufpel.edu.br\/ceng\/wp-json\/wp\/v2\/media?parent=3935"}],"wp:term":[{"taxonomy":"category","embeddable":true,"href":"https:\/\/wp.ufpel.edu.br\/ceng\/wp-json\/wp\/v2\/categories?post=3935"},{"taxonomy":"post_tag","embeddable":true,"href":"https:\/\/wp.ufpel.edu.br\/ceng\/wp-json\/wp\/v2\/tags?post=3935"}],"curies":[{"name":"wp","href":"https:\/\/api.w.org\/{rel}","templated":true}]}}