{"id":386,"date":"2014-04-02T15:31:44","date_gmt":"2014-04-02T18:31:44","guid":{"rendered":"https:\/\/wp.ufpel.edu.br\/ceng\/?p=386"},"modified":"2016-10-07T08:59:35","modified_gmt":"2016-10-07T11:59:35","slug":"formatura-dos-cursos-de-engenharia-agricola-engenharia-ambiental-e-sanitaria-e-engenharia-industrial-madeireira","status":"publish","type":"post","link":"https:\/\/wp.ufpel.edu.br\/ceng\/formatura-dos-cursos-de-engenharia-agricola-engenharia-ambiental-e-sanitaria-e-engenharia-industrial-madeireira\/","title":{"rendered":"Formatura dos cursos de Engenharia Agr\u00edcola, Engenharia Ambiental e Sanit\u00e1ria e Engenharia Industrial Madeireira"},"content":{"rendered":"<p>O Centro de Engenharias parabeniza os seguintes alunos, formandos dos cursos de Engenharia Agr\u00edcola,\u00a0Engenharia Ambiental e Sanit\u00e1ria e Engenharia Industrial Madeireira, que realizou-se em 28 de mar\u00e7o\/2014:<\/p>\n<p><strong>Curso de Engenharia Agr\u00edcola<\/strong><\/p>\n<p>Gustavo Miquelarena Stosch<br \/>\nJonatan Larrosa Carrasco<br \/>\nJorge Tiago Schwanz G\u00f6ebel<br \/>\nLuis Carlos Nunes Weymar Junior<\/p>\n<p><strong>Curso de Engenharia Ambiental e Sanit\u00e1ria<br \/>\n<\/strong><\/p>\n<p>Catia Suelem Manke Vieira<br \/>\nDaiane Schwanz Casarin<br \/>\nEveline Araujo Rodrigues<br \/>\nHenrique Zanotta Hansmann<br \/>\nJaqueline Colvara de Almeida<br \/>\nTiago Sena<br \/>\nV\u00e2nia Raquel Duarte Pereira<\/p>\n<p><strong>Curso de Engenharia Industrial Madeireira<\/strong><\/p>\n<p>Bruno Guilherme de Oliveira<br \/>\nOt\u00e1vio Berrutti Aleixo<br \/>\nReinaldo A\u00e9rter<\/p>\n<p>Nossos votos de felicidade e sucesso profissional aos novos Engenheiros!<\/p>\n","protected":false},"excerpt":{"rendered":"<p>O Centro de Engenharias parabeniza os seguintes alunos, formandos dos cursos de Engenharia Agr\u00edcola,\u00a0Engenharia Ambiental e Sanit\u00e1ria e Engenharia Industrial Madeireira, que realizou-se em 28 de mar\u00e7o\/2014: Curso de Engenharia Agr\u00edcola Gustavo Miquelarena Stosch Jonatan Larrosa Carrasco Jorge Tiago Schwanz G\u00f6ebel Luis Carlos Nunes Weymar Junior Curso de Engenharia Ambiental e Sanit\u00e1ria Catia Suelem Manke [&hellip;]<\/p>\n","protected":false},"author":67,"featured_media":0,"comment_status":"closed","ping_status":"closed","sticky":false,"template":"","format":"standard","meta":{"footnotes":""},"categories":[1],"tags":[48722,48800,48730,48820],"class_list":["post-386","post","type-post","status-publish","format-standard","hentry","category-ultimos-posts","tag-engenharia-agricola","tag-engenharia-ambiental-e-sanitaria","tag-engenharia-industrial-madeireira","tag-formatura"],"jetpack_featured_media_url":"","publishpress_future_action":{"enabled":false,"date":"2026-05-07 08:21:32","action":"change-status","newStatus":"draft","terms":[],"taxonomy":"category","extraData":[]},"publishpress_future_workflow_manual_trigger":{"enabledWorkflows":[]},"_links":{"self":[{"href":"https:\/\/wp.ufpel.edu.br\/ceng\/wp-json\/wp\/v2\/posts\/386","targetHints":{"allow":["GET"]}}],"collection":[{"href":"https:\/\/wp.ufpel.edu.br\/ceng\/wp-json\/wp\/v2\/posts"}],"about":[{"href":"https:\/\/wp.ufpel.edu.br\/ceng\/wp-json\/wp\/v2\/types\/post"}],"author":[{"embeddable":true,"href":"https:\/\/wp.ufpel.edu.br\/ceng\/wp-json\/wp\/v2\/users\/67"}],"replies":[{"embeddable":true,"href":"https:\/\/wp.ufpel.edu.br\/ceng\/wp-json\/wp\/v2\/comments?post=386"}],"version-history":[{"count":2,"href":"https:\/\/wp.ufpel.edu.br\/ceng\/wp-json\/wp\/v2\/posts\/386\/revisions"}],"predecessor-version":[{"id":1523,"href":"https:\/\/wp.ufpel.edu.br\/ceng\/wp-json\/wp\/v2\/posts\/386\/revisions\/1523"}],"wp:attachment":[{"href":"https:\/\/wp.ufpel.edu.br\/ceng\/wp-json\/wp\/v2\/media?parent=386"}],"wp:term":[{"taxonomy":"category","embeddable":true,"href":"https:\/\/wp.ufpel.edu.br\/ceng\/wp-json\/wp\/v2\/categories?post=386"},{"taxonomy":"post_tag","embeddable":true,"href":"https:\/\/wp.ufpel.edu.br\/ceng\/wp-json\/wp\/v2\/tags?post=386"}],"curies":[{"name":"wp","href":"https:\/\/api.w.org\/{rel}","templated":true}]}}