{"id":3777,"date":"2018-06-25T08:20:54","date_gmt":"2018-06-25T11:20:54","guid":{"rendered":"https:\/\/wp.ufpel.edu.br\/ceng\/?p=3777"},"modified":"2018-06-25T08:20:54","modified_gmt":"2018-06-25T11:20:54","slug":"empresas-juniores-do-ceng-visitam-a-conectar","status":"publish","type":"post","link":"https:\/\/wp.ufpel.edu.br\/ceng\/empresas-juniores-do-ceng-visitam-a-conectar\/","title":{"rendered":"Empresas Juniores do CEng visitam a Conectar"},"content":{"rendered":"<div dir=\"auto\">Na manh\u00e3 do dia 21 de junho, um grupo formado pelos professores Maiquel Canabarro, Jos\u00e9 Wilson da Silva e Guilherme Trindade e pelos acad\u00eamicos David (representando a EnGeoSul), Louisi e Prisciane (representando a V\u00e9rtice) e Guilherme (representando a E-Nova), acompanhados pela Profa. Isabela Fernandes Andrade, Diretora da Unidade, visitaram a Incubadora de Base Tecnol\u00f3gica &#8211; Conectar\/UFPel.<\/div>\n<div dir=\"auto\"><\/div>\n<div dir=\"auto\">Na ocasi\u00e3o, os representantes que atuam na cria\u00e7\u00e3o e consolida\u00e7\u00e3o das Empresas Juniores do Centro de Engenharias, puderam sanar d\u00favidas \u00e0 respeito do funcionamento das EJs, al\u00e9m de conhecer um pouco sobre as empresas l\u00e1 incubas.<\/div>\n<div dir=\"auto\"><\/div>\n<div dir=\"auto\">A recep\u00e7\u00e3o foi realizada pelo Prof.Felipe de Souza Marques e pela administradora da Conectar, Adalice Kosby.<\/div>\n<div dir=\"auto\"><\/div>\n<div dir=\"auto\"><a href=\"https:\/\/wp.ufpel.edu.br\/ceng\/files\/2018\/06\/cde4c9f3-a8ba-4b90-84cf-f7dcf5bb3cfd.jpeg\"><img class=\"aligncenter size-large wp-image-3779\" src=\"https:\/\/wp.ufpel.edu.br\/ceng\/files\/2018\/06\/cde4c9f3-a8ba-4b90-84cf-f7dcf5bb3cfd-1024x576.jpeg\" alt=\"\" width=\"1024\" height=\"576\" srcset=\"https:\/\/wp.ufpel.edu.br\/ceng\/files\/2018\/06\/cde4c9f3-a8ba-4b90-84cf-f7dcf5bb3cfd-1024x576.jpeg 1024w, https:\/\/wp.ufpel.edu.br\/ceng\/files\/2018\/06\/cde4c9f3-a8ba-4b90-84cf-f7dcf5bb3cfd-400x225.jpeg 400w, https:\/\/wp.ufpel.edu.br\/ceng\/files\/2018\/06\/cde4c9f3-a8ba-4b90-84cf-f7dcf5bb3cfd-768x432.jpeg 768w, https:\/\/wp.ufpel.edu.br\/ceng\/files\/2018\/06\/cde4c9f3-a8ba-4b90-84cf-f7dcf5bb3cfd.jpeg 1280w\" sizes=\"(max-width: 1024px) 100vw, 1024px\" \/><\/a> <a href=\"https:\/\/wp.ufpel.edu.br\/ceng\/files\/2018\/06\/864e2cbd-c046-495a-9d25-ebdeb8718083.jpeg\"><img class=\"aligncenter size-large wp-image-3780\" src=\"https:\/\/wp.ufpel.edu.br\/ceng\/files\/2018\/06\/864e2cbd-c046-495a-9d25-ebdeb8718083-1024x576.jpeg\" alt=\"\" width=\"1024\" height=\"576\" srcset=\"https:\/\/wp.ufpel.edu.br\/ceng\/files\/2018\/06\/864e2cbd-c046-495a-9d25-ebdeb8718083-1024x576.jpeg 1024w, https:\/\/wp.ufpel.edu.br\/ceng\/files\/2018\/06\/864e2cbd-c046-495a-9d25-ebdeb8718083-400x225.jpeg 400w, https:\/\/wp.ufpel.edu.br\/ceng\/files\/2018\/06\/864e2cbd-c046-495a-9d25-ebdeb8718083-768x432.jpeg 768w, https:\/\/wp.ufpel.edu.br\/ceng\/files\/2018\/06\/864e2cbd-c046-495a-9d25-ebdeb8718083.jpeg 1280w\" sizes=\"(max-width: 1024px) 100vw, 1024px\" \/><\/a> <a href=\"https:\/\/wp.ufpel.edu.br\/ceng\/files\/2018\/06\/99b20b30-ea72-449a-b61a-28a2800e69c3.jpeg\"><img class=\"aligncenter size-large wp-image-3781\" src=\"https:\/\/wp.ufpel.edu.br\/ceng\/files\/2018\/06\/99b20b30-ea72-449a-b61a-28a2800e69c3-1024x576.jpeg\" alt=\"\" width=\"1024\" height=\"576\" srcset=\"https:\/\/wp.ufpel.edu.br\/ceng\/files\/2018\/06\/99b20b30-ea72-449a-b61a-28a2800e69c3-1024x576.jpeg 1024w, https:\/\/wp.ufpel.edu.br\/ceng\/files\/2018\/06\/99b20b30-ea72-449a-b61a-28a2800e69c3-400x225.jpeg 400w, https:\/\/wp.ufpel.edu.br\/ceng\/files\/2018\/06\/99b20b30-ea72-449a-b61a-28a2800e69c3-768x432.jpeg 768w, https:\/\/wp.ufpel.edu.br\/ceng\/files\/2018\/06\/99b20b30-ea72-449a-b61a-28a2800e69c3.jpeg 1280w\" sizes=\"(max-width: 1024px) 100vw, 1024px\" \/><\/a><\/div>\n","protected":false},"excerpt":{"rendered":"<p>Na manh\u00e3 do dia 21 de junho, um grupo formado pelos professores Maiquel Canabarro, Jos\u00e9 Wilson da Silva e Guilherme Trindade e pelos acad\u00eamicos David (representando a EnGeoSul), Louisi e Prisciane (representando a V\u00e9rtice) e Guilherme (representando a E-Nova), acompanhados pela Profa. Isabela Fernandes Andrade, Diretora da Unidade, visitaram a Incubadora de Base Tecnol\u00f3gica &#8211; [&hellip;]<\/p>\n","protected":false},"author":67,"featured_media":0,"comment_status":"closed","ping_status":"closed","sticky":false,"template":"","format":"standard","meta":{"footnotes":""},"categories":[1],"tags":[48969],"class_list":["post-3777","post","type-post","status-publish","format-standard","hentry","category-ultimos-posts","tag-empresas-juniores"],"jetpack_featured_media_url":"","publishpress_future_action":{"enabled":false,"date":"2026-05-05 02:38:54","action":"change-status","newStatus":"draft","terms":[],"taxonomy":"category","extraData":[]},"publishpress_future_workflow_manual_trigger":{"enabledWorkflows":[]},"_links":{"self":[{"href":"https:\/\/wp.ufpel.edu.br\/ceng\/wp-json\/wp\/v2\/posts\/3777","targetHints":{"allow":["GET"]}}],"collection":[{"href":"https:\/\/wp.ufpel.edu.br\/ceng\/wp-json\/wp\/v2\/posts"}],"about":[{"href":"https:\/\/wp.ufpel.edu.br\/ceng\/wp-json\/wp\/v2\/types\/post"}],"author":[{"embeddable":true,"href":"https:\/\/wp.ufpel.edu.br\/ceng\/wp-json\/wp\/v2\/users\/67"}],"replies":[{"embeddable":true,"href":"https:\/\/wp.ufpel.edu.br\/ceng\/wp-json\/wp\/v2\/comments?post=3777"}],"version-history":[{"count":1,"href":"https:\/\/wp.ufpel.edu.br\/ceng\/wp-json\/wp\/v2\/posts\/3777\/revisions"}],"predecessor-version":[{"id":3782,"href":"https:\/\/wp.ufpel.edu.br\/ceng\/wp-json\/wp\/v2\/posts\/3777\/revisions\/3782"}],"wp:attachment":[{"href":"https:\/\/wp.ufpel.edu.br\/ceng\/wp-json\/wp\/v2\/media?parent=3777"}],"wp:term":[{"taxonomy":"category","embeddable":true,"href":"https:\/\/wp.ufpel.edu.br\/ceng\/wp-json\/wp\/v2\/categories?post=3777"},{"taxonomy":"post_tag","embeddable":true,"href":"https:\/\/wp.ufpel.edu.br\/ceng\/wp-json\/wp\/v2\/tags?post=3777"}],"curies":[{"name":"wp","href":"https:\/\/api.w.org\/{rel}","templated":true}]}}