{"id":3128,"date":"2018-03-23T13:37:29","date_gmt":"2018-03-23T16:37:29","guid":{"rendered":"https:\/\/wp.ufpel.edu.br\/ceng\/?p=3128"},"modified":"2018-03-23T13:37:29","modified_gmt":"2018-03-23T16:37:29","slug":"colacao-de-grau-interna-2017-2-centro-de-engenharias","status":"publish","type":"post","link":"https:\/\/wp.ufpel.edu.br\/ceng\/colacao-de-grau-interna-2017-2-centro-de-engenharias\/","title":{"rendered":"Cola\u00e7\u00e3o de Grau Interna 2017.2 \u2013 Centro de Engenharias"},"content":{"rendered":"<p style=\"font-weight: 400\">Na manh\u00e3 do dia 23\/03\/2018 ocorreu a Cola\u00e7\u00e3o de Grau Interna da acad\u00eamica\u00a0\u00a0<strong>LUISA BARBOSA PINTO DA SILVA<\/strong>\u00a0no Curso de Engenharia Civil \u2013 turma 2017\/2.<\/p>\n<p style=\"font-weight: 400\">A Dire\u00e7\u00e3o do Centro de Engenharias parabeniza ao curso de Engenharia Civil na figura de seus docentes, t\u00e9cnicos e discentes, bem como aos familiares e, principalmente, \u00e0 nova engenheira formada! Sucesso!<\/p>\n<p><a href=\"https:\/\/wp.ufpel.edu.br\/ceng\/files\/2018\/03\/IMG_2861.jpeg\"><img class=\"aligncenter size-large wp-image-3130\" src=\"https:\/\/wp.ufpel.edu.br\/ceng\/files\/2018\/03\/IMG_2861-1024x601.jpeg\" alt=\"\" width=\"1024\" height=\"601\" srcset=\"https:\/\/wp.ufpel.edu.br\/ceng\/files\/2018\/03\/IMG_2861-1024x601.jpeg 1024w, https:\/\/wp.ufpel.edu.br\/ceng\/files\/2018\/03\/IMG_2861-400x235.jpeg 400w, https:\/\/wp.ufpel.edu.br\/ceng\/files\/2018\/03\/IMG_2861-768x450.jpeg 768w\" sizes=\"(max-width: 1024px) 100vw, 1024px\" \/><\/a><\/p>\n","protected":false},"excerpt":{"rendered":"<p>Na manh\u00e3 do dia 23\/03\/2018 ocorreu a Cola\u00e7\u00e3o de Grau Interna da acad\u00eamica\u00a0\u00a0LUISA BARBOSA PINTO DA SILVA\u00a0no Curso de Engenharia Civil \u2013 turma 2017\/2. A Dire\u00e7\u00e3o do Centro de Engenharias parabeniza ao curso de Engenharia Civil na figura de seus docentes, t\u00e9cnicos e discentes, bem como aos familiares e, principalmente, \u00e0 nova engenheira formada! Sucesso!<\/p>\n","protected":false},"author":67,"featured_media":3130,"comment_status":"closed","ping_status":"closed","sticky":false,"template":"","format":"standard","meta":{"footnotes":""},"categories":[1],"tags":[48794,48820],"class_list":["post-3128","post","type-post","status-publish","format-standard","has-post-thumbnail","hentry","category-ultimos-posts","tag-engenharia-civil","tag-formatura"],"jetpack_featured_media_url":"https:\/\/wp.ufpel.edu.br\/ceng\/files\/2018\/03\/IMG_2861.jpeg","publishpress_future_action":{"enabled":false,"date":"2026-05-06 22:20:38","action":"change-status","newStatus":"draft","terms":[],"taxonomy":"category","extraData":[]},"publishpress_future_workflow_manual_trigger":{"enabledWorkflows":[]},"_links":{"self":[{"href":"https:\/\/wp.ufpel.edu.br\/ceng\/wp-json\/wp\/v2\/posts\/3128","targetHints":{"allow":["GET"]}}],"collection":[{"href":"https:\/\/wp.ufpel.edu.br\/ceng\/wp-json\/wp\/v2\/posts"}],"about":[{"href":"https:\/\/wp.ufpel.edu.br\/ceng\/wp-json\/wp\/v2\/types\/post"}],"author":[{"embeddable":true,"href":"https:\/\/wp.ufpel.edu.br\/ceng\/wp-json\/wp\/v2\/users\/67"}],"replies":[{"embeddable":true,"href":"https:\/\/wp.ufpel.edu.br\/ceng\/wp-json\/wp\/v2\/comments?post=3128"}],"version-history":[{"count":1,"href":"https:\/\/wp.ufpel.edu.br\/ceng\/wp-json\/wp\/v2\/posts\/3128\/revisions"}],"predecessor-version":[{"id":3131,"href":"https:\/\/wp.ufpel.edu.br\/ceng\/wp-json\/wp\/v2\/posts\/3128\/revisions\/3131"}],"wp:featuredmedia":[{"embeddable":true,"href":"https:\/\/wp.ufpel.edu.br\/ceng\/wp-json\/wp\/v2\/media\/3130"}],"wp:attachment":[{"href":"https:\/\/wp.ufpel.edu.br\/ceng\/wp-json\/wp\/v2\/media?parent=3128"}],"wp:term":[{"taxonomy":"category","embeddable":true,"href":"https:\/\/wp.ufpel.edu.br\/ceng\/wp-json\/wp\/v2\/categories?post=3128"},{"taxonomy":"post_tag","embeddable":true,"href":"https:\/\/wp.ufpel.edu.br\/ceng\/wp-json\/wp\/v2\/tags?post=3128"}],"curies":[{"name":"wp","href":"https:\/\/api.w.org\/{rel}","templated":true}]}}