{"id":300,"date":"2014-02-14T14:58:45","date_gmt":"2014-02-14T16:58:45","guid":{"rendered":"https:\/\/wp.ufpel.edu.br\/ceng\/?p=300"},"modified":"2016-10-07T09:27:33","modified_gmt":"2016-10-07T12:27:33","slug":"homologacao-das-inscricoes-eleicao-camara-de-extensao","status":"publish","type":"post","link":"https:\/\/wp.ufpel.edu.br\/ceng\/homologacao-das-inscricoes-eleicao-camara-de-extensao\/","title":{"rendered":"Homologa\u00e7\u00e3o das inscri\u00e7\u00f5es &#8211; Elei\u00e7\u00e3o C\u00e2mara de Extens\u00e3o"},"content":{"rendered":"<p>A Comiss\u00e3o Eleitoral reunida em 14 de fevereiro de 2014, homologa os seguintes candidatos para representantes dos docentes junto \u00e0 C\u00e2mara de Extens\u00e3o do Centro de Engenharias:<\/p>\n<p>\u00c1rea Profissionalizante<br \/>\nProf. Carlos Ant\u00f4nio da Costa Tillmann \u2013 Titular<br \/>\nProf. Wolmer Brod Peres &#8211; Suplente<\/p>\n<p>N\u00e3o houve inscri\u00e7\u00f5es para a \u00c1rea B\u00e1sica.<\/p>\n<p>Pelotas, 14 de fevereiro de 2014<\/p>\n<p>Presidente da Comiss\u00e3o Eleitoral<\/p>\n<p><a href=\"https:\/\/wp.ufpel.edu.br\/ceng\/files\/2014\/02\/Homologa\u00e7\u00e3o.doc\">\u00a0<\/a><\/p>\n","protected":false},"excerpt":{"rendered":"<p>A Comiss\u00e3o Eleitoral reunida em 14 de fevereiro de 2014, homologa os seguintes candidatos para representantes dos docentes junto \u00e0 C\u00e2mara de Extens\u00e3o do Centro de Engenharias: \u00c1rea Profissionalizante Prof. Carlos Ant\u00f4nio da Costa Tillmann \u2013 Titular Prof. Wolmer Brod Peres &#8211; Suplente N\u00e3o houve inscri\u00e7\u00f5es para a \u00c1rea B\u00e1sica. Pelotas, 14 de fevereiro de [&hellip;]<\/p>\n","protected":false},"author":67,"featured_media":0,"comment_status":"closed","ping_status":"closed","sticky":false,"template":"","format":"standard","meta":{"footnotes":""},"categories":[48750,48717],"tags":[48726,48741],"class_list":["post-300","post","type-post","status-publish","format-standard","hentry","category-camaras","category-eleicoes","tag-camara-de-extensao","tag-homologacao-das-inscricoes"],"jetpack_featured_media_url":"","publishpress_future_action":{"enabled":false,"date":"2026-05-06 14:52:33","action":"change-status","newStatus":"draft","terms":[],"taxonomy":"category","extraData":[]},"publishpress_future_workflow_manual_trigger":{"enabledWorkflows":[]},"_links":{"self":[{"href":"https:\/\/wp.ufpel.edu.br\/ceng\/wp-json\/wp\/v2\/posts\/300","targetHints":{"allow":["GET"]}}],"collection":[{"href":"https:\/\/wp.ufpel.edu.br\/ceng\/wp-json\/wp\/v2\/posts"}],"about":[{"href":"https:\/\/wp.ufpel.edu.br\/ceng\/wp-json\/wp\/v2\/types\/post"}],"author":[{"embeddable":true,"href":"https:\/\/wp.ufpel.edu.br\/ceng\/wp-json\/wp\/v2\/users\/67"}],"replies":[{"embeddable":true,"href":"https:\/\/wp.ufpel.edu.br\/ceng\/wp-json\/wp\/v2\/comments?post=300"}],"version-history":[{"count":2,"href":"https:\/\/wp.ufpel.edu.br\/ceng\/wp-json\/wp\/v2\/posts\/300\/revisions"}],"predecessor-version":[{"id":303,"href":"https:\/\/wp.ufpel.edu.br\/ceng\/wp-json\/wp\/v2\/posts\/300\/revisions\/303"}],"wp:attachment":[{"href":"https:\/\/wp.ufpel.edu.br\/ceng\/wp-json\/wp\/v2\/media?parent=300"}],"wp:term":[{"taxonomy":"category","embeddable":true,"href":"https:\/\/wp.ufpel.edu.br\/ceng\/wp-json\/wp\/v2\/categories?post=300"},{"taxonomy":"post_tag","embeddable":true,"href":"https:\/\/wp.ufpel.edu.br\/ceng\/wp-json\/wp\/v2\/tags?post=300"}],"curies":[{"name":"wp","href":"https:\/\/api.w.org\/{rel}","templated":true}]}}