{"id":2354,"date":"2017-11-08T13:44:03","date_gmt":"2017-11-08T15:44:03","guid":{"rendered":"https:\/\/wp.ufpel.edu.br\/ceng\/?p=2354"},"modified":"2017-11-08T13:49:01","modified_gmt":"2017-11-08T15:49:01","slug":"nota-de-pesar-2","status":"publish","type":"post","link":"https:\/\/wp.ufpel.edu.br\/ceng\/nota-de-pesar-2\/","title":{"rendered":"Nota de Pesar"},"content":{"rendered":"<p>Com pesar, o Centro de Engenharias da Universidade Federal de Pelotas comunica o falecimento do ex-aluno do Curso de Engenharia Ambiental e Sanit\u00e1ria, Jos\u00e9 Gabriel da Silva Oliveira. O vel\u00f3rio ocorre nesta quarta-feira (08), das 14h \u00e0s 17h, na Sala A1 do Cemit\u00e9rio S\u00e3o Francisco de Paula e o sepultamento ocorre neste mesmo dia, \u00e0s 17h. Nossas sinceras condol\u00eancias \u00e0 fam\u00edlia e amigos.<\/p>\n","protected":false},"excerpt":{"rendered":"<p>Com pesar, o Centro de Engenharias da Universidade Federal de Pelotas comunica o falecimento do ex-aluno do Curso de Engenharia Ambiental e Sanit\u00e1ria, Jos\u00e9 Gabriel da Silva Oliveira. O vel\u00f3rio ocorre nesta quarta-feira (08), das 14h \u00e0s 17h, na Sala A1 do Cemit\u00e9rio S\u00e3o Francisco de Paula e o sepultamento ocorre neste mesmo dia, \u00e0s [&hellip;]<\/p>\n","protected":false},"author":67,"featured_media":0,"comment_status":"closed","ping_status":"closed","sticky":false,"template":"","format":"standard","meta":{"footnotes":""},"categories":[1],"tags":[48789],"class_list":["post-2354","post","type-post","status-publish","format-standard","hentry","category-ultimos-posts","tag-nota-de-falecimento"],"jetpack_featured_media_url":"","publishpress_future_action":{"enabled":false,"date":"2026-05-06 23:03:43","action":"change-status","newStatus":"draft","terms":[],"taxonomy":"category","extraData":[]},"publishpress_future_workflow_manual_trigger":{"enabledWorkflows":[]},"_links":{"self":[{"href":"https:\/\/wp.ufpel.edu.br\/ceng\/wp-json\/wp\/v2\/posts\/2354","targetHints":{"allow":["GET"]}}],"collection":[{"href":"https:\/\/wp.ufpel.edu.br\/ceng\/wp-json\/wp\/v2\/posts"}],"about":[{"href":"https:\/\/wp.ufpel.edu.br\/ceng\/wp-json\/wp\/v2\/types\/post"}],"author":[{"embeddable":true,"href":"https:\/\/wp.ufpel.edu.br\/ceng\/wp-json\/wp\/v2\/users\/67"}],"replies":[{"embeddable":true,"href":"https:\/\/wp.ufpel.edu.br\/ceng\/wp-json\/wp\/v2\/comments?post=2354"}],"version-history":[{"count":4,"href":"https:\/\/wp.ufpel.edu.br\/ceng\/wp-json\/wp\/v2\/posts\/2354\/revisions"}],"predecessor-version":[{"id":2359,"href":"https:\/\/wp.ufpel.edu.br\/ceng\/wp-json\/wp\/v2\/posts\/2354\/revisions\/2359"}],"wp:attachment":[{"href":"https:\/\/wp.ufpel.edu.br\/ceng\/wp-json\/wp\/v2\/media?parent=2354"}],"wp:term":[{"taxonomy":"category","embeddable":true,"href":"https:\/\/wp.ufpel.edu.br\/ceng\/wp-json\/wp\/v2\/categories?post=2354"},{"taxonomy":"post_tag","embeddable":true,"href":"https:\/\/wp.ufpel.edu.br\/ceng\/wp-json\/wp\/v2\/tags?post=2354"}],"curies":[{"name":"wp","href":"https:\/\/api.w.org\/{rel}","templated":true}]}}