{"id":1971,"date":"2017-09-14T14:00:07","date_gmt":"2017-09-14T17:00:07","guid":{"rendered":"https:\/\/wp.ufpel.edu.br\/ceng\/?p=1971"},"modified":"2017-09-18T11:28:33","modified_gmt":"2017-09-18T14:28:33","slug":"solicitacao-online-para-matricula-especial-nos-cursos-do-ceng-2","status":"publish","type":"post","link":"https:\/\/wp.ufpel.edu.br\/ceng\/solicitacao-online-para-matricula-especial-nos-cursos-do-ceng-2\/","title":{"rendered":"SOLICITA\u00c7\u00c3O ONLINE PARA MATR\u00cdCULA ESPECIAL NOS CURSOS DO CENG"},"content":{"rendered":"<p><span style=\"font-size: 14pt\">ATEN\u00c7\u00c3O ALUNOS DA UFPEL:<\/span><\/p>\n<p>-Abaixo o link para voc\u00eas se cadastrarem para matr\u00edcula especial das vagas remanescentes dos cursos do CEng:<\/p>\n<p><a href=\"https:\/\/wp.ufpel.edu.br\/ceng\/files\/2017\/09\/download.jpg\"><img class=\"alignleft wp-image-1974\" src=\"https:\/\/wp.ufpel.edu.br\/ceng\/files\/2017\/09\/download.jpg\" alt=\"\" width=\"258\" height=\"294\" \/><\/a><\/p>\n<p>&nbsp;<\/p>\n<p><span style=\"font-size: 14pt\"><a href=\"https:\/\/goo.gl\/forms\/sBIGZShIO2npHe5p2\"><strong>Ordem de atendimento- Matr\u00edcula Especial CEng<\/strong><\/a><\/span><\/p>\n<p>Este ser\u00e1 feito por ordem de preenchimento, portanto, coloquem seu nome SOMENTE UMA VEZ e compare\u00e7am ao CEng APENAS NO HOR\u00c1RIO DA SUA FICHA DE ATENDIMENTO que ser\u00e1 divulgado dia 15\/09 \u00e0s 20h (site do CEng).<br \/>\n-Na segunda-feira, dia 18\/09 O EXPEDIENTE SER\u00c1 INTERNO, repetindo, n\u00e3o ter\u00e1 atendimento aos alunos. Neste mesmo dia, \u00e0s 18h ser\u00e3o divulgadas as disciplinas as vagas remanescentes (site do CEng). QUEM N\u00c3O SE INSCREVER N\u00c3O VAI CONSTAR NA LISTA E N\u00c3O SER\u00c1 ATENDIDO.<br \/>\n\u2013 O ATENDIMENTO DAS FICHAS DA MATR\u00cdCULA ESPECIAL VAI ACONTECER NA TER\u00c7A FEIRA (19\/09).<br \/>\n&#8211; Podem se inscrever nessa lista alunos do CEng e alunos de outras Unidades tamb\u00e9m.<\/p>\n<p>&nbsp;<\/p>\n","protected":false},"excerpt":{"rendered":"<p>ATEN\u00c7\u00c3O ALUNOS DA UFPEL: -Abaixo o link para voc\u00eas se cadastrarem para matr\u00edcula especial das vagas remanescentes dos cursos do CEng: &nbsp; Ordem de atendimento- Matr\u00edcula Especial CEng Este ser\u00e1 feito por ordem de preenchimento, portanto, coloquem seu nome SOMENTE UMA VEZ e compare\u00e7am ao CEng APENAS NO HOR\u00c1RIO DA SUA FICHA DE ATENDIMENTO que [&hellip;]<\/p>\n","protected":false},"author":67,"featured_media":0,"comment_status":"closed","ping_status":"closed","sticky":false,"template":"","format":"standard","meta":{"footnotes":""},"categories":[1],"tags":[48747],"class_list":["post-1971","post","type-post","status-publish","format-standard","hentry","category-ultimos-posts","tag-matricula-especial"],"jetpack_featured_media_url":"","publishpress_future_action":{"enabled":false,"date":"2026-05-05 20:34:22","action":"change-status","newStatus":"draft","terms":[],"taxonomy":"category","extraData":[]},"publishpress_future_workflow_manual_trigger":{"enabledWorkflows":[]},"_links":{"self":[{"href":"https:\/\/wp.ufpel.edu.br\/ceng\/wp-json\/wp\/v2\/posts\/1971","targetHints":{"allow":["GET"]}}],"collection":[{"href":"https:\/\/wp.ufpel.edu.br\/ceng\/wp-json\/wp\/v2\/posts"}],"about":[{"href":"https:\/\/wp.ufpel.edu.br\/ceng\/wp-json\/wp\/v2\/types\/post"}],"author":[{"embeddable":true,"href":"https:\/\/wp.ufpel.edu.br\/ceng\/wp-json\/wp\/v2\/users\/67"}],"replies":[{"embeddable":true,"href":"https:\/\/wp.ufpel.edu.br\/ceng\/wp-json\/wp\/v2\/comments?post=1971"}],"version-history":[{"count":2,"href":"https:\/\/wp.ufpel.edu.br\/ceng\/wp-json\/wp\/v2\/posts\/1971\/revisions"}],"predecessor-version":[{"id":1976,"href":"https:\/\/wp.ufpel.edu.br\/ceng\/wp-json\/wp\/v2\/posts\/1971\/revisions\/1976"}],"wp:attachment":[{"href":"https:\/\/wp.ufpel.edu.br\/ceng\/wp-json\/wp\/v2\/media?parent=1971"}],"wp:term":[{"taxonomy":"category","embeddable":true,"href":"https:\/\/wp.ufpel.edu.br\/ceng\/wp-json\/wp\/v2\/categories?post=1971"},{"taxonomy":"post_tag","embeddable":true,"href":"https:\/\/wp.ufpel.edu.br\/ceng\/wp-json\/wp\/v2\/tags?post=1971"}],"curies":[{"name":"wp","href":"https:\/\/api.w.org\/{rel}","templated":true}]}}