{"id":197,"date":"2013-11-27T08:48:06","date_gmt":"2013-11-27T10:48:06","guid":{"rendered":"https:\/\/wp.ufpel.edu.br\/ceng\/?p=197"},"modified":"2016-10-07T09:18:12","modified_gmt":"2016-10-07T12:18:12","slug":"convocacao-para-reuniao-do-conselho-do-ceng","status":"publish","type":"post","link":"https:\/\/wp.ufpel.edu.br\/ceng\/convocacao-para-reuniao-do-conselho-do-ceng\/","title":{"rendered":"CONVOCA\u00c7\u00c3O PARA REUNI\u00c3O DO CONSELHO DO CENG"},"content":{"rendered":"<p>Prezados (as) Conselheiros (as):<\/p>\n<p>Temos a satisfa\u00e7\u00e3o em convoc\u00e1-los (as), para reuni\u00e3o do Conselho do Centro, a se realizar no dia 29\/11 \u2013 sexta-feira \u2013 \u00e0s 14 horas no pr\u00e9dio do Curso de Engenharia Industrial Madeireira, Rua Conde de Porto Alegre, 793.<\/p>\n<p>PAUTA: 1 \u2013 Aprecia\u00e7\u00e3o da Pauta<br \/>\n2 \u2013 Aprecia\u00e7\u00e3o da Ata n\u00ba 10\/13;<br \/>\n3 \u2013 Aprecia\u00e7\u00e3o do Regulamento do Colegiado do Curso de Eletr\u00f4nica e Composi\u00e7\u00e3o do Colegiado;<br \/>\n4 \u2013 Aprecia\u00e7\u00e3o da aprova\u00e7\u00e3o \u201cAd-Referendum\u201d do Presidente do CCE referente ao Projeto de ensino intitulado: \u201cIV Semana Acad\u00eamica do Curso de Engenharia Civil\u201d;<br \/>\n5 \u2013 Aprecia\u00e7\u00e3o da aprova\u00e7\u00e3o \u201cAd-Referendum\u201d do Presidente do CCE referente \u00e0 Prorroga\u00e7\u00e3o do Projeto de pesquisa intitulado: \u201cPotencial de Uso dos Taninos da Aroeira-vermelha (Schinus terebinthfolius Raddi) como Adesivo para Produtos \u00e0 Base de Madeira\u201d;<br \/>\n6 \u2013 Proposta de Projeto de Ensino intitulado: Projeto de qualidade dos Espa\u00e7os Virtuais e presenciais da Disciplina de ?<br \/>\n7 \u2013 Relat\u00f3rio final do Projeto de Extens\u00e3o intitulado: \u201cCurso de Executores em Avia\u00e7\u00e3o Agr\u00edcola\u201d;<br \/>\n8 \u2013 Relat\u00f3rio final do Projeto de Extens\u00e3o intitulado: \u201cAdequa\u00e7\u00e3o de uma Agroind\u00fastria de Pescado\u201d<br \/>\n9 \u2013 Relat\u00f3rio final do Projeto de Extens\u00e3o intitulado: Adapta\u00e7\u00e3o de abatedouro de ovinos no Munic\u00edpio de Pinheiro Machado;<br \/>\n10 \u2013 Aprecia\u00e7\u00e3o dos resultados da composi\u00e7\u00e3o das listas tr\u00edplices para Coordenador e Coordenador Adjunto do Curso de Engenharia Industrial Madeireira;<br \/>\n11 \u2013 Resultados da Elei\u00e7\u00e3o para a Representa\u00e7\u00e3o dos Docentes, T\u00e9cnico-Administrativos e Discentes junto ao CCE;<br \/>\n12- Projeto de Pesquisa intitulada: Paraleliza\u00e7\u00e3o de C\u00f3digo Tridimensional para Simula\u00e7\u00e3o em Equipamento Multicore com Mem\u00f3ria Compartilhada do Processo de Escava\u00e7\u00e3o e Instala\u00e7\u00e3o do Suporte de T\u00fanel;<br \/>\n13 \u2013 Projeto de Pesquisa intitulada: Diagn\u00f3stico de Gest\u00e3o de Qualidade em Canteiros de Obras no munic\u00edpio de Pelotas\/RS na perspectiva da sustentabilidade;<br \/>\n14 \u2013 Solicita\u00e7\u00e3o de afastamento para realiza\u00e7\u00e3o de P\u00f3s-Doutorado no Exterior \u2013 Prof\u00aa Estela;<br \/>\n15 \u2013 Projeto de Pesquisa intitulada: Avalia\u00e7\u00e3o de desempenho dos Mecanismos Dosadores de uma Semeadora de Arroz, utilizada na Cultura da Soja;<br \/>\n16 \u2013 Projeto de Pesquisa intitulada: Variedade espacial da produtividade e da qualidade de sementes de trigo e soja produzidas em sucess\u00e3o sob sistema de plantio direto;<br \/>\n17 \u2013 Projeto de Pesquisa intitulada: Predi\u00e7\u00e3o Sazonal da Seca para Suporte \u00e0s Decis\u00f5es Agr\u00edcolas no estado do RS;<br \/>\n18 \u2013 Projeto de Extens\u00e3o intitulada: Caderno Did\u00e1tico sobre Fontes de Energia;<br \/>\n19 \u2013 Projeto de Extens\u00e3o intitulada: Capacita\u00e7\u00e3o de Catadores em Cooperativas de Reciclagem do Munic\u00edpio de Pelotas sobre a Pol\u00edtica Nacional de Res\u00edduos S\u00f3lidos.<br \/>\n20 \u2013 Projeto de Pesquisa intitulada: Produ\u00e7\u00e3o de etanol de segunda gera\u00e7\u00e3o a partir de Arundo donax L;<br \/>\n21 \u2013 Encaminhamentos da Comiss\u00e3o instalada pela portaria n\u00ba 2115 de 26\/10\/13;<br \/>\n22 \u2013 Instala\u00e7\u00e3o da C\u00e2mara de Ensino;<br \/>\n23 \u2013 Elei\u00e7\u00e3o para as C\u00e2maras de Extens\u00e3o e Pesquisa<\/p>\n","protected":false},"excerpt":{"rendered":"<p>Prezados (as) Conselheiros (as): Temos a satisfa\u00e7\u00e3o em convoc\u00e1-los (as), para reuni\u00e3o do Conselho do Centro, a se realizar no dia 29\/11 \u2013 sexta-feira \u2013 \u00e0s 14 horas no pr\u00e9dio do Curso de Engenharia Industrial Madeireira, Rua Conde de Porto Alegre, 793. PAUTA: 1 \u2013 Aprecia\u00e7\u00e3o da Pauta 2 \u2013 Aprecia\u00e7\u00e3o da Ata n\u00ba 10\/13; [&hellip;]<\/p>\n","protected":false},"author":67,"featured_media":0,"comment_status":"closed","ping_status":"closed","sticky":false,"template":"","format":"standard","meta":{"footnotes":""},"categories":[48709],"tags":[48723,48757],"class_list":["post-197","post","type-post","status-publish","format-standard","hentry","category-conselho","tag-pauta","tag-reuniao"],"jetpack_featured_media_url":"","publishpress_future_action":{"enabled":false,"date":"2026-05-07 08:55:18","action":"change-status","newStatus":"draft","terms":[],"taxonomy":"category","extraData":[]},"publishpress_future_workflow_manual_trigger":{"enabledWorkflows":[]},"_links":{"self":[{"href":"https:\/\/wp.ufpel.edu.br\/ceng\/wp-json\/wp\/v2\/posts\/197","targetHints":{"allow":["GET"]}}],"collection":[{"href":"https:\/\/wp.ufpel.edu.br\/ceng\/wp-json\/wp\/v2\/posts"}],"about":[{"href":"https:\/\/wp.ufpel.edu.br\/ceng\/wp-json\/wp\/v2\/types\/post"}],"author":[{"embeddable":true,"href":"https:\/\/wp.ufpel.edu.br\/ceng\/wp-json\/wp\/v2\/users\/67"}],"replies":[{"embeddable":true,"href":"https:\/\/wp.ufpel.edu.br\/ceng\/wp-json\/wp\/v2\/comments?post=197"}],"version-history":[{"count":2,"href":"https:\/\/wp.ufpel.edu.br\/ceng\/wp-json\/wp\/v2\/posts\/197\/revisions"}],"predecessor-version":[{"id":1534,"href":"https:\/\/wp.ufpel.edu.br\/ceng\/wp-json\/wp\/v2\/posts\/197\/revisions\/1534"}],"wp:attachment":[{"href":"https:\/\/wp.ufpel.edu.br\/ceng\/wp-json\/wp\/v2\/media?parent=197"}],"wp:term":[{"taxonomy":"category","embeddable":true,"href":"https:\/\/wp.ufpel.edu.br\/ceng\/wp-json\/wp\/v2\/categories?post=197"},{"taxonomy":"post_tag","embeddable":true,"href":"https:\/\/wp.ufpel.edu.br\/ceng\/wp-json\/wp\/v2\/tags?post=197"}],"curies":[{"name":"wp","href":"https:\/\/api.w.org\/{rel}","templated":true}]}}