{"id":1925,"date":"2017-08-26T14:32:57","date_gmt":"2017-08-26T17:32:57","guid":{"rendered":"https:\/\/wp.ufpel.edu.br\/ceng\/?p=1925"},"modified":"2018-03-15T11:22:59","modified_gmt":"2018-03-15T14:22:59","slug":"isabela-andrade-e-aline-paliga-tomam-posse-da-direcao-do-ceng","status":"publish","type":"post","link":"https:\/\/wp.ufpel.edu.br\/ceng\/isabela-andrade-e-aline-paliga-tomam-posse-da-direcao-do-ceng\/","title":{"rendered":"Isabela Andrade e Aline Paliga tomam posse da dire\u00e7\u00e3o do CEng"},"content":{"rendered":"<p><a href=\"https:\/\/wp.ufpel.edu.br\/ceng\/files\/2017\/08\/discurso-isabela.jpg\"><img class=\"aligncenter size-medium wp-image-3022\" src=\"https:\/\/wp.ufpel.edu.br\/ceng\/files\/2017\/08\/discurso-isabela-400x266.jpg\" alt=\"\" width=\"400\" height=\"266\" srcset=\"https:\/\/wp.ufpel.edu.br\/ceng\/files\/2017\/08\/discurso-isabela-400x266.jpg 400w, https:\/\/wp.ufpel.edu.br\/ceng\/files\/2017\/08\/discurso-isabela-768x511.jpg 768w, https:\/\/wp.ufpel.edu.br\/ceng\/files\/2017\/08\/discurso-isabela-1024x681.jpg 1024w\" sizes=\"(max-width: 400px) 100vw, 400px\" \/><\/a><\/p>\n<p>Mais uma unidade acad\u00eamica da Universidade Federal de Pelotas tem uma dire\u00e7\u00e3o feminina: o Centro de Engenharias (CEng). Tomaram posse, na tarde desta quinta-feira (24), as novas diretora e diretora adjunta, respectivamente, as professoras Isabela Andrade e Aline Paliga, para um mandato de quatro anos.<\/p>\n<p>&nbsp;<\/p>\n<p><a href=\"https:\/\/wp.ufpel.edu.br\/ceng\/files\/2017\/08\/coral.jpg\"><img class=\"aligncenter size-medium wp-image-3020\" src=\"https:\/\/wp.ufpel.edu.br\/ceng\/files\/2017\/08\/coral-400x266.jpg\" alt=\"\" width=\"400\" height=\"266\" srcset=\"https:\/\/wp.ufpel.edu.br\/ceng\/files\/2017\/08\/coral-400x266.jpg 400w, https:\/\/wp.ufpel.edu.br\/ceng\/files\/2017\/08\/coral-768x511.jpg 768w, https:\/\/wp.ufpel.edu.br\/ceng\/files\/2017\/08\/coral-1024x681.jpg 1024w\" sizes=\"(max-width: 400px) 100vw, 400px\" \/><\/a><\/p>\n<p>A cerim\u00f4nia de posse foi aberta com uma surpresa preparada por professores do centro: uma apresenta\u00e7\u00e3o do Coral da UFPel. O repert\u00f3rio foi composto por tr\u00eas can\u00e7\u00f5es, que foram dos irlandeses do U2, passando pelos compositores brasileiros Marisa Monte, Carlinhos Brown e Arnaldo Antunes e at\u00e9 chegar ao compositor nativista ga\u00facho Luiz Coronel.<\/p>\n<p>Logo ap\u00f3s o n\u00famero musical, deu-se in\u00edcio \u00e0 posse. Com a presen\u00e7a do reitor Pedro Curi Hallal, do pr\u00f3-reitor de Gest\u00e3o de Pessoas, S\u00e9rgio Christino, e do diretor que deixava o cargo, Cl\u00e1udio Duarte, al\u00e9m das novas dirigentes, foi lida a portaria de nomea\u00e7\u00e3o publicada no Di\u00e1rio Oficial da Uni\u00e3o, seguida da assinatura do termo de posse.<\/p>\n<p><strong><br \/>\nResgate da trajet\u00f3ria<\/strong><\/p>\n<p><a href=\"https:\/\/wp.ufpel.edu.br\/ceng\/files\/2017\/08\/discurso-claudio.jpg\"><img class=\"aligncenter size-medium wp-image-3021\" src=\"https:\/\/wp.ufpel.edu.br\/ceng\/files\/2017\/08\/discurso-claudio-400x266.jpg\" alt=\"\" width=\"400\" height=\"266\" srcset=\"https:\/\/wp.ufpel.edu.br\/ceng\/files\/2017\/08\/discurso-claudio-400x266.jpg 400w, https:\/\/wp.ufpel.edu.br\/ceng\/files\/2017\/08\/discurso-claudio-768x511.jpg 768w, https:\/\/wp.ufpel.edu.br\/ceng\/files\/2017\/08\/discurso-claudio-1024x681.jpg 1024w\" sizes=\"(max-width: 400px) 100vw, 400px\" \/><\/a><\/p>\n<p>Duarte fez\u00a0seu discurso de despedida resgatando sua trajet\u00f3ria dentro da UFPel. Ele destacou a necessidade em criar um ambiente no qual os estudantes sejam formados com excel\u00eancia em todos os seus \u00e2mbitos: \u201cPessoas bem formadas e com bons valores s\u00e3o aquelas que podem assegurar um bom futuro para n\u00f3s\u201d. Para o diretor, cada turma formada renova a certeza de que todo o esfor\u00e7o despendido vale a pena.<\/p>\n<p>Deixando como heran\u00e7a, segundo suas palavras, um Centro de Engenharias maior, mais organizado e mais estruturado, ele citou a parceria com o professor D\u00eanis Franco, que foi eleito com ele como diretor adjunto, mas que n\u00e3o finalizou o mandato. Duarte celebrou tamb\u00e9m a conquista do primeiro programa de p\u00f3s-gradua\u00e7\u00e3o da unidade, em Ci\u00eancias Ambientais.<\/p>\n<p><strong><br \/>\nTempo de consolida\u00e7\u00e3o e integra\u00e7\u00e3o<\/strong><\/p>\n<p><a href=\"https:\/\/wp.ufpel.edu.br\/ceng\/files\/2017\/08\/posse-aline.jpg\"><img class=\"aligncenter size-medium wp-image-3023\" src=\"https:\/\/wp.ufpel.edu.br\/ceng\/files\/2017\/08\/posse-aline-400x266.jpg\" alt=\"\" width=\"400\" height=\"266\" srcset=\"https:\/\/wp.ufpel.edu.br\/ceng\/files\/2017\/08\/posse-aline-400x266.jpg 400w, https:\/\/wp.ufpel.edu.br\/ceng\/files\/2017\/08\/posse-aline-768x511.jpg 768w, https:\/\/wp.ufpel.edu.br\/ceng\/files\/2017\/08\/posse-aline-1024x681.jpg 1024w\" sizes=\"(max-width: 400px) 100vw, 400px\" \/><\/a><\/p>\n<p>Ap\u00f3s a fala do ex-diretor, tomou a palavra a nova diretora adjunta, Aline Paliga. Ela iniciou sua fala dizendo que o contato com os jovens na academia deixam um sentimento de inquieta\u00e7\u00e3o. Por isso o desejo de estar \u00e0 frente da unidade: \u201cSomos jovens e extremamente apaixonadas pelo nosso trabalho\u201d. Ela afirmou ter a meta de manter o CEng na vanguarda da transforma\u00e7\u00e3o, da tecnologia e da inova\u00e7\u00e3o. \u201cO conhecimento \u00e9 um patrim\u00f4nio, uma riqueza a ser revertida para a sociedade\u201d, salientou.<\/p>\n<p><a href=\"https:\/\/wp.ufpel.edu.br\/ceng\/files\/2017\/08\/posse-isabela.jpg\"><img class=\"aligncenter size-medium wp-image-3024\" src=\"https:\/\/wp.ufpel.edu.br\/ceng\/files\/2017\/08\/posse-isabela-400x266.jpg\" alt=\"\" width=\"400\" height=\"266\" srcset=\"https:\/\/wp.ufpel.edu.br\/ceng\/files\/2017\/08\/posse-isabela-400x266.jpg 400w, https:\/\/wp.ufpel.edu.br\/ceng\/files\/2017\/08\/posse-isabela-768x511.jpg 768w, https:\/\/wp.ufpel.edu.br\/ceng\/files\/2017\/08\/posse-isabela-1024x681.jpg 1024w\" sizes=\"(max-width: 400px) 100vw, 400px\" \/><\/a><\/p>\n<p>J\u00e1 a diretora, Isabela Andrade, ao fazer uso da palavra, pontuou a vontade em valorizar e projetar o Centro de Engenharias da UFPel tanto dentro da Universidade quanto no ambiente acad\u00eamico nacional: \u201cQueremos que a forma\u00e7\u00e3o seja motivo de orgulho para os nossos estudantes\u201d. Para tanto, Isabela coloca como pontos fortes a serem trabalhados na sua gest\u00e3o a consolida\u00e7\u00e3o daquilo que j\u00e1 foi constru\u00eddo, a organiza\u00e7\u00e3o, a transpar\u00eancia, o respeito e, em especial, a integra\u00e7\u00e3o. A docente tamb\u00e9m destacou a coincid\u00eancia entre o fato de essa jovem unidade acad\u00eamica estar sendo conduzida por duas jovens.<\/p>\n<p>Encerrando a cerim\u00f4nia, o reitor elogiou o Centro como uma unidade que mostra sua for\u00e7a e uni\u00e3o quando necess\u00e1rio. Ele tamb\u00e9m lembrou a grandeza da cultura democr\u00e1tica dentro da institui\u00e7\u00e3o. \u201cEssa dire\u00e7\u00e3o traz duas mulheres extremamente talentosas, dispostas a colocar diversos projetos em pr\u00e1tica\u201d, disse.<\/p>\n<p>Hallal aproveitou o ato para assumir compromissos p\u00fablicos com o CEng, tais como sanar d\u00e9ficits de infraestrutura, especialmente de laborat\u00f3rios, assim como a libera\u00e7\u00e3o de mais espa\u00e7os para a unidade, especialmente no pr\u00e9dio da Cotada e no anexo da rua Benjamin Constant, 1001. Tamb\u00e9m assegurou a concentra\u00e7\u00e3o das atividades acad\u00eamicas das engenharias em menos pontos da UFPel.<\/p>\n<p><strong>A nova dire\u00e7\u00e3o<\/strong><\/p>\n<p>Isabela Fernandes Andrade \u00e9 arquiteta e urbanista, formada pela Universidade Cat\u00f3lica de Pelotas (UCPel). Tem especializa\u00e7\u00e3o em Reabilita\u00e7\u00e3o Ambiental Sustent\u00e1vel Arquitet\u00f4nica e Urban\u00edstica, pela Universidade de Bras\u00edlia (UnB), mestrado e doutorado em Arquitetura e Urbanismo pela Universidade Federal de Santa Catarina (UFSC). Atua no Centro de Engenharias da Universidade Federal de Pelotas na \u00e1rea de representa\u00e7\u00e3o gr\u00e1fica.<\/p>\n<p>Aline Ribeiro Paliga \u00e9 engenheira civil, formada pela Universidade Federal de Rio Grande (FURG). Possui mestrado e doutorado pela Universidade Federal do Rio Grande do Sul (UFRGS). Tem vasta experi\u00eancia nas \u00e1reas de an\u00e1lise estrutural, concreto armado e concreto protendido e coordena o Laborat\u00f3rio de Estudos em Materiais Comp\u00f3sitos.<\/p>\n<p><span style=\"font-size: 10pt\">Fonte: <a href=\"http:\/\/ccs2.ufpel.edu.br\/wp\/2017\/08\/25\/isabela-andrade-e-aline-paliga-tomam-posse-da-direcao-do-ceng\/\">CCS<\/a><\/span><\/p>\n","protected":false},"excerpt":{"rendered":"<p>Mais uma unidade acad\u00eamica da Universidade Federal de Pelotas tem uma dire\u00e7\u00e3o feminina: o Centro de Engenharias (CEng). Tomaram posse, na tarde desta quinta-feira (24), as novas diretora e diretora adjunta, respectivamente, as professoras Isabela Andrade e Aline Paliga, para um mandato de quatro anos. &nbsp; A cerim\u00f4nia de posse foi aberta com uma surpresa [&hellip;]<\/p>\n","protected":false},"author":67,"featured_media":0,"comment_status":"closed","ping_status":"closed","sticky":false,"template":"","format":"standard","meta":{"footnotes":""},"categories":[1],"tags":[48888,48882],"class_list":["post-1925","post","type-post","status-publish","format-standard","hentry","category-ultimos-posts","tag-direcao-ceng","tag-direcao-do-centro-de-engenharias"],"jetpack_featured_media_url":"","publishpress_future_action":{"enabled":false,"date":"2026-05-06 02:08:00","action":"change-status","newStatus":"draft","terms":[],"taxonomy":"category","extraData":[]},"publishpress_future_workflow_manual_trigger":{"enabledWorkflows":[]},"_links":{"self":[{"href":"https:\/\/wp.ufpel.edu.br\/ceng\/wp-json\/wp\/v2\/posts\/1925","targetHints":{"allow":["GET"]}}],"collection":[{"href":"https:\/\/wp.ufpel.edu.br\/ceng\/wp-json\/wp\/v2\/posts"}],"about":[{"href":"https:\/\/wp.ufpel.edu.br\/ceng\/wp-json\/wp\/v2\/types\/post"}],"author":[{"embeddable":true,"href":"https:\/\/wp.ufpel.edu.br\/ceng\/wp-json\/wp\/v2\/users\/67"}],"replies":[{"embeddable":true,"href":"https:\/\/wp.ufpel.edu.br\/ceng\/wp-json\/wp\/v2\/comments?post=1925"}],"version-history":[{"count":4,"href":"https:\/\/wp.ufpel.edu.br\/ceng\/wp-json\/wp\/v2\/posts\/1925\/revisions"}],"predecessor-version":[{"id":3026,"href":"https:\/\/wp.ufpel.edu.br\/ceng\/wp-json\/wp\/v2\/posts\/1925\/revisions\/3026"}],"wp:attachment":[{"href":"https:\/\/wp.ufpel.edu.br\/ceng\/wp-json\/wp\/v2\/media?parent=1925"}],"wp:term":[{"taxonomy":"category","embeddable":true,"href":"https:\/\/wp.ufpel.edu.br\/ceng\/wp-json\/wp\/v2\/categories?post=1925"},{"taxonomy":"post_tag","embeddable":true,"href":"https:\/\/wp.ufpel.edu.br\/ceng\/wp-json\/wp\/v2\/tags?post=1925"}],"curies":[{"name":"wp","href":"https:\/\/api.w.org\/{rel}","templated":true}]}}