{"id":171,"date":"2013-11-06T17:20:18","date_gmt":"2013-11-06T19:20:18","guid":{"rendered":"https:\/\/wp.ufpel.edu.br\/ceng\/?p=171"},"modified":"2016-10-07T09:13:03","modified_gmt":"2016-10-07T12:13:03","slug":"convite-abertura-xxii-cic-e-xv-enpos","status":"publish","type":"post","link":"https:\/\/wp.ufpel.edu.br\/ceng\/convite-abertura-xxii-cic-e-xv-enpos\/","title":{"rendered":"Convite abertura XXII CIC e XV ENPOS"},"content":{"rendered":"<p>O Reitor da Universidade Federal de Pelotas, professor Mauro Augusto Burkert Del Pino, e a Pr\u00f3-Reitora de Pesquisa e P\u00f3s-Gradua\u00e7\u00e3o, professora Denise Petrucci Gigante, tem a satisfa\u00e7\u00e3o de convidar a todos para a solenidade de abertura do XXII Congresso de Inicia\u00e7\u00e3o Cient\u00edfica e XV Encontro de P\u00f3s-Gradua\u00e7\u00e3o, a realizar-se no dia 18 de novembro de 2013, \u00e0s 18 horas, no Campus Porto da UFPel.<\/p>\n<p>Clicar na imagem para ampliar.<\/p>\n<p><a href=\"https:\/\/wp.ufpel.edu.br\/ceng\/files\/2013\/11\/CONVITE-CIC-Enpos.jpg\"><img class=\"alignnone size-medium wp-image-172\" src=\"https:\/\/wp.ufpel.edu.br\/ceng\/files\/2013\/11\/CONVITE-CIC-Enpos-300x212.jpg\" alt=\"CONVITE CIC-Enpos\" width=\"300\" height=\"212\" srcset=\"https:\/\/wp.ufpel.edu.br\/ceng\/files\/2013\/11\/CONVITE-CIC-Enpos-300x212.jpg 300w, https:\/\/wp.ufpel.edu.br\/ceng\/files\/2013\/11\/CONVITE-CIC-Enpos-1024x723.jpg 1024w\" sizes=\"(max-width: 300px) 100vw, 300px\" \/><\/a><\/p>\n","protected":false},"excerpt":{"rendered":"<p>O Reitor da Universidade Federal de Pelotas, professor Mauro Augusto Burkert Del Pino, e a Pr\u00f3-Reitora de Pesquisa e P\u00f3s-Gradua\u00e7\u00e3o, professora Denise Petrucci Gigante, tem a satisfa\u00e7\u00e3o de convidar a todos para a solenidade de abertura do XXII Congresso de Inicia\u00e7\u00e3o Cient\u00edfica e XV Encontro de P\u00f3s-Gradua\u00e7\u00e3o, a realizar-se no dia 18 de novembro de [&hellip;]<\/p>\n","protected":false},"author":67,"featured_media":0,"comment_status":"closed","ping_status":"closed","sticky":false,"template":"","format":"standard","meta":{"footnotes":""},"categories":[1],"tags":[48783],"class_list":["post-171","post","type-post","status-publish","format-standard","hentry","category-ultimos-posts","tag-semana-integrada"],"jetpack_featured_media_url":"","publishpress_future_action":{"enabled":false,"date":"2026-05-06 23:30:22","action":"change-status","newStatus":"draft","terms":[],"taxonomy":"category","extraData":[]},"publishpress_future_workflow_manual_trigger":{"enabledWorkflows":[]},"_links":{"self":[{"href":"https:\/\/wp.ufpel.edu.br\/ceng\/wp-json\/wp\/v2\/posts\/171","targetHints":{"allow":["GET"]}}],"collection":[{"href":"https:\/\/wp.ufpel.edu.br\/ceng\/wp-json\/wp\/v2\/posts"}],"about":[{"href":"https:\/\/wp.ufpel.edu.br\/ceng\/wp-json\/wp\/v2\/types\/post"}],"author":[{"embeddable":true,"href":"https:\/\/wp.ufpel.edu.br\/ceng\/wp-json\/wp\/v2\/users\/67"}],"replies":[{"embeddable":true,"href":"https:\/\/wp.ufpel.edu.br\/ceng\/wp-json\/wp\/v2\/comments?post=171"}],"version-history":[{"count":2,"href":"https:\/\/wp.ufpel.edu.br\/ceng\/wp-json\/wp\/v2\/posts\/171\/revisions"}],"predecessor-version":[{"id":1531,"href":"https:\/\/wp.ufpel.edu.br\/ceng\/wp-json\/wp\/v2\/posts\/171\/revisions\/1531"}],"wp:attachment":[{"href":"https:\/\/wp.ufpel.edu.br\/ceng\/wp-json\/wp\/v2\/media?parent=171"}],"wp:term":[{"taxonomy":"category","embeddable":true,"href":"https:\/\/wp.ufpel.edu.br\/ceng\/wp-json\/wp\/v2\/categories?post=171"},{"taxonomy":"post_tag","embeddable":true,"href":"https:\/\/wp.ufpel.edu.br\/ceng\/wp-json\/wp\/v2\/tags?post=171"}],"curies":[{"name":"wp","href":"https:\/\/api.w.org\/{rel}","templated":true}]}}