{"id":1689,"date":"2017-05-10T13:54:19","date_gmt":"2017-05-10T16:54:19","guid":{"rendered":"https:\/\/wp.ufpel.edu.br\/ceng\/?p=1689"},"modified":"2017-05-10T13:54:19","modified_gmt":"2017-05-10T16:54:19","slug":"edital-de-consulta-para-coordenador-e-coordenador-adjunto-engenharia-de-producao","status":"publish","type":"post","link":"https:\/\/wp.ufpel.edu.br\/ceng\/edital-de-consulta-para-coordenador-e-coordenador-adjunto-engenharia-de-producao\/","title":{"rendered":"Edital de consulta para Coordenador e Coordenador Adjunto &#8211; Engenharia de Produ\u00e7\u00e3o"},"content":{"rendered":"<p>O Curso de Engenharia de Produ\u00e7\u00e3o torna p\u00fablico o Edital de consulta para Coordenador e Coordenador Adjunto.<\/p>\n<p>Para acess\u00e1-lo, clique no link:<\/p>\n<p><a href=\"https:\/\/drive.google.com\/file\/d\/0B9b7AE9F7Kpsb2xRRHFFWXd2WDA\/view?usp=sharing\">https:\/\/drive.google.com\/file\/d\/0B9b7AE9F7Kpsb2xRRHFFWXd2WDA\/view?usp=sharing<\/a><\/p>\n","protected":false},"excerpt":{"rendered":"<p>O Curso de Engenharia de Produ\u00e7\u00e3o torna p\u00fablico o Edital de consulta para Coordenador e Coordenador Adjunto. Para acess\u00e1-lo, clique no link: https:\/\/drive.google.com\/file\/d\/0B9b7AE9F7Kpsb2xRRHFFWXd2WDA\/view?usp=sharing<\/p>\n","protected":false},"author":67,"featured_media":0,"comment_status":"closed","ping_status":"closed","sticky":false,"template":"","format":"standard","meta":{"footnotes":""},"categories":[48725,48717],"tags":[48724],"class_list":["post-1689","post","type-post","status-publish","format-standard","hentry","category-editais","category-eleicoes","tag-engenharia-de-producao"],"jetpack_featured_media_url":"","publishpress_future_action":{"enabled":false,"date":"2026-05-07 09:16:49","action":"change-status","newStatus":"draft","terms":[],"taxonomy":"category","extraData":[]},"publishpress_future_workflow_manual_trigger":{"enabledWorkflows":[]},"_links":{"self":[{"href":"https:\/\/wp.ufpel.edu.br\/ceng\/wp-json\/wp\/v2\/posts\/1689","targetHints":{"allow":["GET"]}}],"collection":[{"href":"https:\/\/wp.ufpel.edu.br\/ceng\/wp-json\/wp\/v2\/posts"}],"about":[{"href":"https:\/\/wp.ufpel.edu.br\/ceng\/wp-json\/wp\/v2\/types\/post"}],"author":[{"embeddable":true,"href":"https:\/\/wp.ufpel.edu.br\/ceng\/wp-json\/wp\/v2\/users\/67"}],"replies":[{"embeddable":true,"href":"https:\/\/wp.ufpel.edu.br\/ceng\/wp-json\/wp\/v2\/comments?post=1689"}],"version-history":[{"count":1,"href":"https:\/\/wp.ufpel.edu.br\/ceng\/wp-json\/wp\/v2\/posts\/1689\/revisions"}],"predecessor-version":[{"id":1691,"href":"https:\/\/wp.ufpel.edu.br\/ceng\/wp-json\/wp\/v2\/posts\/1689\/revisions\/1691"}],"wp:attachment":[{"href":"https:\/\/wp.ufpel.edu.br\/ceng\/wp-json\/wp\/v2\/media?parent=1689"}],"wp:term":[{"taxonomy":"category","embeddable":true,"href":"https:\/\/wp.ufpel.edu.br\/ceng\/wp-json\/wp\/v2\/categories?post=1689"},{"taxonomy":"post_tag","embeddable":true,"href":"https:\/\/wp.ufpel.edu.br\/ceng\/wp-json\/wp\/v2\/tags?post=1689"}],"curies":[{"name":"wp","href":"https:\/\/api.w.org\/{rel}","templated":true}]}}