{"id":1655,"date":"2017-04-26T15:41:01","date_gmt":"2017-04-26T18:41:01","guid":{"rendered":"https:\/\/wp.ufpel.edu.br\/ceng\/?p=1655"},"modified":"2017-04-26T15:41:21","modified_gmt":"2017-04-26T18:41:21","slug":"congresso-de-engenharia-e-tecnologia-ufg","status":"publish","type":"post","link":"https:\/\/wp.ufpel.edu.br\/ceng\/congresso-de-engenharia-e-tecnologia-ufg\/","title":{"rendered":"Congresso de Engenharia e Tecnologia &#8211; UFG"},"content":{"rendered":"<p>\u00c9 com imenso prazer que a Agremia\u00e7\u00e3o Polit\u00e9cnica da UFG vem anunciar o Congresso de Engenharia e Tecnologia (CET) que acontecer\u00e1 nos dias 4, 5 e 6 de maio em Goi\u00e2nia, Goi\u00e1s. Nesta 5 \u00aa edi\u00e7\u00e3o, com o tema \u201cEfici\u00eancia e a busca pela melhoria\u201d, o CET tem o intuito de promover o debate de novas t\u00e9cnicas e tecnologias e colocar os acad\u00eamicos em contato com a vanguarda de cada segmento.<\/p>\n<p>Para mostrar toda a for\u00e7a da Engenharia no desenvolvimento de novas tecnologias, o CET ser\u00e1 o primeiro Congresso do Brasil a utilizar a tecnologia NFC para cadastramento de congressistas, al\u00e9m de contar com os mais renomados e reconhecidos pesquisadores, professores, personalidades e empresas destaques em suas respectivas \u00e1reas, como Helena Ribeiro, CEO do grupo EmpZ; J\u00falio C\u00e9sar, CEO BR Photonics; Antonio Henrique Dianin, fundador da Project Company e desenvolvedor do R1T1, o melhor rob\u00f4 mundial para utiliza\u00e7\u00e3o na \u00e1rea da sa\u00fade e o primeiro rob\u00f4 de telepresen\u00e7a da Am\u00e9rica Latina.<\/p>\n<p>Al\u00e9m das palestras o CET trar\u00e1 apresenta\u00e7\u00f5es das tecnologias e tend\u00eancias de grande impacto no Brasil e no mundo, assim como apresenta\u00e7\u00e3o de artigos cient\u00edficos, exposi\u00e7\u00e3o de pesquisas acad\u00eamicas e minicursos. Por fim, contar\u00e1 tamb\u00e9m com competi\u00e7\u00f5es e desafios destinados a promover a intera\u00e7\u00e3o entre os congressistas e a pr\u00e1tica da engenharia atrav\u00e9s do GP Poli de Baja, do GP Poli de Kart e do III Torneio de Rob\u00f3tica Embarcada (TREM). Os alunos ainda receber\u00e3o certificado de participa\u00e7\u00e3o de 30 horas em atividades extracurriculares.<\/p>\n<p>Ao final de tamanho evento, tantas ocupa\u00e7\u00f5es e atra\u00e7\u00f5es teremos ainda, para encerrar com chave de ouro, a festa open bar \u201cCE7 pecados\u201d para garantir a descontra\u00e7\u00e3o e a integra\u00e7\u00e3o entre congressistas.<\/p>\n<p>\u00c9 nessa perspectiva que convidamos todos os alunos de Engenharia para tornar o CET 2017 a maior e melhor experi\u00eancia aos futuros engenheiros do Brasil.<\/p>\n<p>Para mais informa\u00e7\u00f5es e compra de ingressos, acesse <a href=\"http:\/\/www.poliufg.com.br\/\" target=\"_blank\" rel=\"noopener noreferrer\">www.poliufg.com.br<\/a>.<\/p>\n<p>Data: 04, 05 e 06 de Maio de 2017.<br \/>\nLocal: UFG, Campus Samambaia.<\/p>\n","protected":false},"excerpt":{"rendered":"<p>\u00c9 com imenso prazer que a Agremia\u00e7\u00e3o Polit\u00e9cnica da UFG vem anunciar o Congresso de Engenharia e Tecnologia (CET) que acontecer\u00e1 nos dias 4, 5 e 6 de maio em Goi\u00e2nia, Goi\u00e1s. Nesta 5 \u00aa edi\u00e7\u00e3o, com o tema \u201cEfici\u00eancia e a busca pela melhoria\u201d, o CET tem o intuito de promover o debate de [&hellip;]<\/p>\n","protected":false},"author":67,"featured_media":0,"comment_status":"closed","ping_status":"closed","sticky":false,"template":"","format":"standard","meta":{"footnotes":""},"categories":[48720,1],"tags":[48721,48875],"class_list":["post-1655","post","type-post","status-publish","format-standard","hentry","category-congressos","category-ultimos-posts","tag-congresso","tag-divulgacao"],"jetpack_featured_media_url":"","publishpress_future_action":{"enabled":false,"date":"2026-05-07 09:35:05","action":"change-status","newStatus":"draft","terms":[],"taxonomy":"category","extraData":[]},"publishpress_future_workflow_manual_trigger":{"enabledWorkflows":[]},"_links":{"self":[{"href":"https:\/\/wp.ufpel.edu.br\/ceng\/wp-json\/wp\/v2\/posts\/1655","targetHints":{"allow":["GET"]}}],"collection":[{"href":"https:\/\/wp.ufpel.edu.br\/ceng\/wp-json\/wp\/v2\/posts"}],"about":[{"href":"https:\/\/wp.ufpel.edu.br\/ceng\/wp-json\/wp\/v2\/types\/post"}],"author":[{"embeddable":true,"href":"https:\/\/wp.ufpel.edu.br\/ceng\/wp-json\/wp\/v2\/users\/67"}],"replies":[{"embeddable":true,"href":"https:\/\/wp.ufpel.edu.br\/ceng\/wp-json\/wp\/v2\/comments?post=1655"}],"version-history":[{"count":1,"href":"https:\/\/wp.ufpel.edu.br\/ceng\/wp-json\/wp\/v2\/posts\/1655\/revisions"}],"predecessor-version":[{"id":1657,"href":"https:\/\/wp.ufpel.edu.br\/ceng\/wp-json\/wp\/v2\/posts\/1655\/revisions\/1657"}],"wp:attachment":[{"href":"https:\/\/wp.ufpel.edu.br\/ceng\/wp-json\/wp\/v2\/media?parent=1655"}],"wp:term":[{"taxonomy":"category","embeddable":true,"href":"https:\/\/wp.ufpel.edu.br\/ceng\/wp-json\/wp\/v2\/categories?post=1655"},{"taxonomy":"post_tag","embeddable":true,"href":"https:\/\/wp.ufpel.edu.br\/ceng\/wp-json\/wp\/v2\/tags?post=1655"}],"curies":[{"name":"wp","href":"https:\/\/api.w.org\/{rel}","templated":true}]}}