{"id":1445,"date":"2016-10-04T13:47:25","date_gmt":"2016-10-04T16:47:25","guid":{"rendered":"https:\/\/wp.ufpel.edu.br\/ceng\/?p=1445"},"modified":"2016-10-06T15:48:15","modified_gmt":"2016-10-06T18:48:15","slug":"semana-academica-da-engenharia-industrial-madeireira","status":"publish","type":"post","link":"https:\/\/wp.ufpel.edu.br\/ceng\/semana-academica-da-engenharia-industrial-madeireira\/","title":{"rendered":"Semana Acad\u00eamica da Engenharia Industrial Madeireira"},"content":{"rendered":"<p>A Engenharia Industrial Madeireira realizar\u00e1, de 11 a 14 de outubro sua XI Semana Acad\u00eamica. O evento ocorrer\u00e1 na 90\u00aa Expofeira, e ter\u00e1 como tema &#8220;Ind\u00fastria Madeireira no Desenvolvimento Regional&#8221;.<\/p>\n<p>Confira o cartaz e a programa\u00e7\u00e3o do evento:<\/p>\n<p><a href=\"https:\/\/wp.ufpel.edu.br\/ceng\/2016\/10\/04\/semana-academica-da-engenharia-industrial-madeireira\/cartaz-saeim-page-001\/\" rel=\"attachment wp-att-1447\"><img class=\"wp-image-1447 aligncenter\" src=\"https:\/\/wp.ufpel.edu.br\/ceng\/files\/2016\/10\/cartaz-SAEIM-page-001.jpg\" alt=\"cartaz-saeim-page-001\" width=\"500\" height=\"707\" srcset=\"https:\/\/wp.ufpel.edu.br\/ceng\/files\/2016\/10\/cartaz-SAEIM-page-001.jpg 1754w, https:\/\/wp.ufpel.edu.br\/ceng\/files\/2016\/10\/cartaz-SAEIM-page-001-112x159.jpg 112w, https:\/\/wp.ufpel.edu.br\/ceng\/files\/2016\/10\/cartaz-SAEIM-page-001-225x318.jpg 225w, https:\/\/wp.ufpel.edu.br\/ceng\/files\/2016\/10\/cartaz-SAEIM-page-001-768x1086.jpg 768w\" sizes=\"(max-width: 500px) 100vw, 500px\" \/><\/a><\/p>\n<p><a href=\"https:\/\/drive.google.com\/open?id=0B9b7AE9F7KpsZUEyMGRZdmhkdjQ\">Programa\u00e7\u00e3o<\/a><\/p>\n","protected":false},"excerpt":{"rendered":"<p>A Engenharia Industrial Madeireira realizar\u00e1, de 11 a 14 de outubro sua XI Semana Acad\u00eamica. O evento ocorrer\u00e1 na 90\u00aa Expofeira, e ter\u00e1 como tema &#8220;Ind\u00fastria Madeireira no Desenvolvimento Regional&#8221;. Confira o cartaz e a programa\u00e7\u00e3o do evento: Programa\u00e7\u00e3o<\/p>\n","protected":false},"author":67,"featured_media":1447,"comment_status":"closed","ping_status":"closed","sticky":false,"template":"","format":"standard","meta":{"footnotes":""},"categories":[1],"tags":[48730,48770],"class_list":["post-1445","post","type-post","status-publish","format-standard","has-post-thumbnail","hentry","category-ultimos-posts","tag-engenharia-industrial-madeireira","tag-semana-academica"],"jetpack_featured_media_url":"https:\/\/wp.ufpel.edu.br\/ceng\/files\/2016\/10\/cartaz-SAEIM-page-001.jpg","publishpress_future_action":{"enabled":false,"date":"2026-05-04 02:41:39","action":"change-status","newStatus":"draft","terms":[],"taxonomy":"category","extraData":[]},"publishpress_future_workflow_manual_trigger":{"enabledWorkflows":[]},"_links":{"self":[{"href":"https:\/\/wp.ufpel.edu.br\/ceng\/wp-json\/wp\/v2\/posts\/1445","targetHints":{"allow":["GET"]}}],"collection":[{"href":"https:\/\/wp.ufpel.edu.br\/ceng\/wp-json\/wp\/v2\/posts"}],"about":[{"href":"https:\/\/wp.ufpel.edu.br\/ceng\/wp-json\/wp\/v2\/types\/post"}],"author":[{"embeddable":true,"href":"https:\/\/wp.ufpel.edu.br\/ceng\/wp-json\/wp\/v2\/users\/67"}],"replies":[{"embeddable":true,"href":"https:\/\/wp.ufpel.edu.br\/ceng\/wp-json\/wp\/v2\/comments?post=1445"}],"version-history":[{"count":2,"href":"https:\/\/wp.ufpel.edu.br\/ceng\/wp-json\/wp\/v2\/posts\/1445\/revisions"}],"predecessor-version":[{"id":1449,"href":"https:\/\/wp.ufpel.edu.br\/ceng\/wp-json\/wp\/v2\/posts\/1445\/revisions\/1449"}],"wp:featuredmedia":[{"embeddable":true,"href":"https:\/\/wp.ufpel.edu.br\/ceng\/wp-json\/wp\/v2\/media\/1447"}],"wp:attachment":[{"href":"https:\/\/wp.ufpel.edu.br\/ceng\/wp-json\/wp\/v2\/media?parent=1445"}],"wp:term":[{"taxonomy":"category","embeddable":true,"href":"https:\/\/wp.ufpel.edu.br\/ceng\/wp-json\/wp\/v2\/categories?post=1445"},{"taxonomy":"post_tag","embeddable":true,"href":"https:\/\/wp.ufpel.edu.br\/ceng\/wp-json\/wp\/v2\/tags?post=1445"}],"curies":[{"name":"wp","href":"https:\/\/api.w.org\/{rel}","templated":true}]}}