{"id":12677,"date":"2026-09-01T15:50:27","date_gmt":"2026-09-01T18:50:27","guid":{"rendered":"https:\/\/wp.ufpel.edu.br\/ceng\/?p=12677"},"modified":"2026-09-04T11:49:53","modified_gmt":"2026-09-04T14:49:53","slug":"edital-de-convocacao-para-eleicao-de-representante-dos-docentes-junto-ao-conselho-do-centro-de-engenharias","status":"publish","type":"post","link":"https:\/\/wp.ufpel.edu.br\/ceng\/edital-de-convocacao-para-eleicao-de-representante-dos-docentes-junto-ao-conselho-do-centro-de-engenharias\/","title":{"rendered":"Edital de convoca\u00e7\u00e3o para Elei\u00e7\u00e3o de Representante dos Docentes junto ao Conselho do Centro de Engenharias"},"content":{"rendered":"<p>Processo n\u00ba 23110.026737\/2026-58<\/p>\n<p>CONSIDERANDO o que disp\u00f5e o Art 5\u00b0 da Resolu\u00e7\u00e3o n\u00b0 03, de 26 de outubro de 2012 do CONSUN e o Regimento Interno do Centro de Engenharias nos incisos VIII,IX E X do Art. 7<\/p>\n<p><strong>Torna P\u00fablico:<\/strong><\/p>\n<p><strong>DISPOSI\u00c7\u00c3O DAS VAGAS DE REPRESENTANTES NO CONSELHO DO CENTRO DE ENGENHARIAS<\/strong>:<\/p>\n<p>01 (Um) representante dos\u00a0<strong>docentes<\/strong>\u00a0titular e 01 (um) representante suplente.<\/p>\n<p>&nbsp;<\/p>\n<p><strong>INSCRI\u00c7\u00d5ES<\/strong><\/p>\n<p>As inscri\u00e7\u00f5es das chapas ocorrer\u00e3o no Per\u00edodo: Entre 8h do \u00a0dia 02\/09\/2026 at\u00e9 \u00e0s 17h do dia 09\/09\/2026.<\/p>\n<p>Local: As inscri\u00e7\u00f5es ser\u00e3o realizadas atrav\u00e9s do formul\u00e1rio\u00a0<a href=\"https:\/\/forms.gle\/Re6rksirPQqAxWwUA\" target=\"_blank\" rel=\"noopener\">https:\/\/forms.gle\/Re6rksirPQqAxWwUA<\/a><\/p>\n<p><strong>Principais datas :<\/strong><\/p>\n<p><strong>DO CALEND\u00c1RIO DA CONSULTA<\/strong><\/p>\n<p>O processo de consulta ocorrer\u00e1 conforme calend\u00e1rio abaixo :<\/p>\n<p><strong>01\/09\/2026<\/strong>\u00a0&#8211; Publica\u00e7\u00e3o do Edital<\/p>\n<p><strong>02\/09\/2026 a 09\/09\/2026<\/strong>\u00a0&#8211; Inscri\u00e7\u00f5es das chapas dos candidatos, das 08h do dia 02\/09\/2026 \u00e0s 17 h do dia 09\/09\/2026.<\/p>\n<p><strong>10\/09\/2026<\/strong>\u00a0&#8211; Homologa\u00e7\u00e3o das inscri\u00e7\u00f5es e divulga\u00e7\u00e3o das chapas inscritas a partir das 14 h.<\/p>\n<p><b>10\/09\/2026<\/b>\u00a0<strong>a 11\/09\/2026<\/strong>\u00a0&#8211; Prazo para interposi\u00e7\u00e3o de recursos \u00e0 homologa\u00e7\u00e3o ou n\u00e3o homologa\u00e7\u00e3o das inscri\u00e7\u00f5es das chapas e apresenta\u00e7\u00e3o de problemas na Lista de eleitores, das 14 hs do dia 10\/09\/2026 \u00e0s 14 hs do dia 11\/09\/2026<\/p>\n<p><strong>15\/09\/2026<\/strong>\u00a0&#8211; Envio de eventuais problemas ocorridos no recebimento do e-mail para vota\u00e7\u00e3o para o e-mail do N\u00facleo Administrativo Centro de Engenharias, at\u00e9 \u00e0s 17h do dia 15\/09;<\/p>\n<p><strong>14\/09\/2026 a 18\/09\/2026<\/strong>\u00a0&#8211; Consulta aos\u00a0Docentes\u00a0, iniciando \u00e0s 08h do dia 14\/09\/2026 e finalizando \u00e0s 17h do dia 18\/09\/2026;<\/p>\n<p><strong>21\/09\/2026 &#8211;<\/strong>\u00a0Apura\u00e7\u00e3o dos votos, ap\u00f3s t\u00e9rmino da consulta \u00e0 comunidade;<\/p>\n<p><strong>21\/09\/2026<\/strong>\u00a0&#8211; Divulga\u00e7\u00e3o oficial dos resultados.<\/p>\n<p>&nbsp;<\/p>\n<p>Edital para download\u00a0 :<a href=\"https:\/\/wp.ufpel.edu.br\/ceng\/files\/2026\/09\/SEI_4123782_Edital_2-cORRETO.pdf\">SEI_4123782_Edital_2\u00a0<\/a><\/p>\n","protected":false},"excerpt":{"rendered":"<p>Processo n\u00ba 23110.026737\/2026-58 CONSIDERANDO o que disp\u00f5e o Art 5\u00b0 da Resolu\u00e7\u00e3o n\u00b0 03, de 26 de outubro de 2012 do CONSUN e o Regimento Interno do Centro de Engenharias nos incisos VIII,IX E X do Art. 7 Torna P\u00fablico: DISPOSI\u00c7\u00c3O DAS VAGAS DE REPRESENTANTES NO CONSELHO DO CENTRO DE ENGENHARIAS: 01 (Um) representante dos\u00a0docentes\u00a0titular [&hellip;]<\/p>\n","protected":false},"author":67,"featured_media":0,"comment_status":"closed","ping_status":"closed","sticky":false,"template":"","format":"standard","meta":{"footnotes":""},"categories":[1],"tags":[],"class_list":["post-12677","post","type-post","status-publish","format-standard","hentry","category-ultimos-posts"],"jetpack_featured_media_url":"","publishpress_future_action":{"enabled":false,"date":"2026-09-12 00:12:36","action":"change-status","newStatus":"draft","terms":[],"taxonomy":"category","extraData":[]},"publishpress_future_workflow_manual_trigger":{"enabledWorkflows":[]},"_links":{"self":[{"href":"https:\/\/wp.ufpel.edu.br\/ceng\/wp-json\/wp\/v2\/posts\/12677","targetHints":{"allow":["GET"]}}],"collection":[{"href":"https:\/\/wp.ufpel.edu.br\/ceng\/wp-json\/wp\/v2\/posts"}],"about":[{"href":"https:\/\/wp.ufpel.edu.br\/ceng\/wp-json\/wp\/v2\/types\/post"}],"author":[{"embeddable":true,"href":"https:\/\/wp.ufpel.edu.br\/ceng\/wp-json\/wp\/v2\/users\/67"}],"replies":[{"embeddable":true,"href":"https:\/\/wp.ufpel.edu.br\/ceng\/wp-json\/wp\/v2\/comments?post=12677"}],"version-history":[{"count":3,"href":"https:\/\/wp.ufpel.edu.br\/ceng\/wp-json\/wp\/v2\/posts\/12677\/revisions"}],"predecessor-version":[{"id":12721,"href":"https:\/\/wp.ufpel.edu.br\/ceng\/wp-json\/wp\/v2\/posts\/12677\/revisions\/12721"}],"wp:attachment":[{"href":"https:\/\/wp.ufpel.edu.br\/ceng\/wp-json\/wp\/v2\/media?parent=12677"}],"wp:term":[{"taxonomy":"category","embeddable":true,"href":"https:\/\/wp.ufpel.edu.br\/ceng\/wp-json\/wp\/v2\/categories?post=12677"},{"taxonomy":"post_tag","embeddable":true,"href":"https:\/\/wp.ufpel.edu.br\/ceng\/wp-json\/wp\/v2\/tags?post=12677"}],"curies":[{"name":"wp","href":"https:\/\/api.w.org\/{rel}","templated":true}]}}