{"id":12414,"date":"2025-07-01T16:40:12","date_gmt":"2025-07-01T19:40:12","guid":{"rendered":"https:\/\/wp.ufpel.edu.br\/ceng\/?p=12414"},"modified":"2025-07-01T16:40:12","modified_gmt":"2025-07-01T19:40:12","slug":"consulta-a-comunidade-para-eleicao-representantes-do-colegiado-do-curso-de-engenharia-industrial-madeireira","status":"publish","type":"post","link":"https:\/\/wp.ufpel.edu.br\/ceng\/consulta-a-comunidade-para-eleicao-representantes-do-colegiado-do-curso-de-engenharia-industrial-madeireira\/","title":{"rendered":"CONSULTA \u00c0 COMUNIDADE PARA ELEI\u00c7\u00c3O REPRESENTANTES DO COLEGIADO DO CURSO DE ENGENHARIA INDUSTRIAL MADEIREIRA"},"content":{"rendered":"<p>EDITAL N\u00ba. 01\/2025<br \/>\nPROCESSO N\u00ba 23110.023912\/2025-74<br \/>\nEDITAL DE CONSULTA \u00c0 COMUNIDADE PARA ELEI\u00c7\u00c3O REPRESENTANTES DO COLEGIADO DO CURSO DE ENGENHARIA INDUSTRIAL MADEIREIRA<\/p>\n<p>A Comiss\u00e3o Eleitoral institu\u00edda pelo Centro de Engenharias por meio da Portaria n\u00ba 13 de 31 de mar\u00e7o de 2025, para coordenar o processo de consulta \u00e0 comunidade do Curso de Engenharia Industrial Madeireira, declara que est\u00e1 aberto o processo de escolha para Representantes Discentes, Docentes das \u00c1reas B\u00e1sicas, Profissionalizante e T\u00e9cnicos Administrativos do Curso. O Processo se realizar\u00e1 de acordo com as normas vigentes (Regimento do Curso de Engenharia Industrial Madeireira e Regimento Interno do Centro de Engenharias). <\/p>\n<p>1. Das Inscri\u00e7\u00f5es<\/p>\n<p>As inscri\u00e7\u00f5es ocorrer\u00e3o por chapas compostas por um membro titular e um membro suplente.<br \/>\nAs inscri\u00e7\u00f5es das chapas ser\u00e3o realizadas por meio de formul\u00e1rio de inscri\u00e7\u00e3o (em Anexo). O formul\u00e1rio deve ser preenchido, impresso e assinado pelos candidatos e entregue na Secret\u00e1rio do Colegiado do Curso de Engenharia Industrial Madeireira ou digitalizado com as assinaturas e enviado para o e-mail (cceim.ufpel@gmail.com) entre \u00e0s 08:00 horas do dia 03 de julho 2025 at\u00e9 \u00e0s 17:00 horas do dia 07 de julho de 2025.<br \/>\nOs formul\u00e1rios ser\u00e3o inseridos pela Comiss\u00e3o no processo SEI 23110.023912\/2025-74 (aberto no SEI nas unidades do Colegiado da Engenharia Industrial Madeireira e do Centro de Engenharias).<br \/>\nPara representa\u00e7\u00e3o Discentes est\u00e3o dispon\u00edveis vagas para duas (2) chapas  (um membro titular e um suplente para cada chapa).<br \/>\nPara representa\u00e7\u00e3o Docente na \u00e1rea b\u00e1sica est\u00e3o dispon\u00edveis vagas para tr\u00eas (3) chapas  (um membro titular e um suplente para cada chapa).<br \/>\nPara representa\u00e7\u00e3o Docente na \u00e1rea profissionalizante est\u00e3o dispon\u00edveis vagas para duas chapas (2) (um membro titular e um suplente para cada chapa).<br \/>\nPara a representa\u00e7\u00e3o de T\u00e9cnicos Administrativos est\u00e1 dispon\u00edvel vaga para uma (1) chapa (composta por um titular e um suplente).<br \/>\nPoder\u00e3o inscrever-se para representa\u00e7\u00e3o discente alunos (as) com matr\u00edcula ativa no curso de Engenharia Industrial Madeireira.<br \/>\n Para a representa\u00e7\u00e3o docente nas \u00e1reas b\u00e1sica e profissionalizante poder\u00e3o se inscrever docentes pertencentes ao quadro de servidores permanentes e ativos da UFPel e que ministram disciplinas obrigat\u00f3rias do curso de Engenharia Industrial Madeireira, conforme as ofertas dos \u00faltimos semestres.<br \/>\nPara a representa\u00e7\u00e3o de T\u00e9cnicos Administrativos (TAs) poder\u00e3o se inscrever TAs vinculados ao Curso de Engenharia Industrial Madeireira. <\/p>\n<p><strong>Link para o Edital Completo:<\/strong> <a href=\"https:\/\/wp.ufpel.edu.br\/ceng\/files\/2025\/07\/Edital-01-2025-CCEIM_VER1.pdf\">Edital 01 2025 CCEIM_VER1<\/a><\/p>\n<p>O processo de consulta ocorrer\u00e1 segundo o seguinte calend\u00e1rio:<\/p>\n<p>\u2212\tAt\u00e9 02\/07\/2025 &#8211; Publica\u00e7\u00e3o deste Edital e das Listas de Eleitores;<\/p>\n<p>\u2212\t03\/07\/2025 a 07\/07\/2025 &#8211; Inscri\u00e7\u00f5es das chapas, das 08:00h horas do dia 03\/07\/2025 \u00e0s 17:00 horas do dia 07\/07\/2025;<\/p>\n<p>\u2212\t08\/07\/2025 &#8211; Homologa\u00e7\u00e3o das inscri\u00e7\u00f5es e divulga\u00e7\u00e3o das candidaturas inscritas a partir das 14:00 horas;<\/p>\n<p>\u2212\t09\/07\/2025 \u2013 Recursos homologa\u00e7\u00e3o das inscri\u00e7\u00f5es das chapas, das 8:00 horas \u00e0s 17:00 horas e apresenta\u00e7\u00e3o de problemas na Lista de eleitores;<\/p>\n<p>\u2212\t10\/07\/2025 a 11\/07\/2025- Consulta \u00e0 comunidade, iniciando \u00e0s 08:00 horas do dia 10\/07\/2025 e finalizando \u00e0s 12:00 horas do dia 11\/07\/2025.<\/p>\n<p>\u2212\t11\/07\/2025 &#8211; Apura\u00e7\u00e3o dos votos, ocorrer\u00e1 ap\u00f3s t\u00e9rmino da consulta \u00e0 comunidade, \u00e0s 14 horas;<\/p>\n<p>\u2212\tAt\u00e9 dia 14\/07\/2025 &#8211; Divulga\u00e7\u00e3o oficial dos resultados.<\/p>\n","protected":false},"excerpt":{"rendered":"<p>EDITAL N\u00ba. 01\/2025 PROCESSO N\u00ba 23110.023912\/2025-74 EDITAL DE CONSULTA \u00c0 COMUNIDADE PARA ELEI\u00c7\u00c3O REPRESENTANTES DO COLEGIADO DO CURSO DE ENGENHARIA INDUSTRIAL MADEIREIRA A Comiss\u00e3o Eleitoral institu\u00edda pelo Centro de Engenharias por meio da Portaria n\u00ba 13 de 31 de mar\u00e7o de 2025, para coordenar o processo de consulta \u00e0 comunidade do Curso de Engenharia Industrial [&hellip;]<\/p>\n","protected":false},"author":67,"featured_media":0,"comment_status":"closed","ping_status":"closed","sticky":false,"template":"","format":"standard","meta":{"footnotes":""},"categories":[1],"tags":[],"class_list":["post-12414","post","type-post","status-publish","format-standard","hentry","category-ultimos-posts"],"jetpack_featured_media_url":"","publishpress_future_action":{"enabled":false,"date":"2026-05-06 12:44:35","action":"change-status","newStatus":"draft","terms":[],"taxonomy":"category","extraData":[]},"publishpress_future_workflow_manual_trigger":{"enabledWorkflows":[]},"_links":{"self":[{"href":"https:\/\/wp.ufpel.edu.br\/ceng\/wp-json\/wp\/v2\/posts\/12414","targetHints":{"allow":["GET"]}}],"collection":[{"href":"https:\/\/wp.ufpel.edu.br\/ceng\/wp-json\/wp\/v2\/posts"}],"about":[{"href":"https:\/\/wp.ufpel.edu.br\/ceng\/wp-json\/wp\/v2\/types\/post"}],"author":[{"embeddable":true,"href":"https:\/\/wp.ufpel.edu.br\/ceng\/wp-json\/wp\/v2\/users\/67"}],"replies":[{"embeddable":true,"href":"https:\/\/wp.ufpel.edu.br\/ceng\/wp-json\/wp\/v2\/comments?post=12414"}],"version-history":[{"count":3,"href":"https:\/\/wp.ufpel.edu.br\/ceng\/wp-json\/wp\/v2\/posts\/12414\/revisions"}],"predecessor-version":[{"id":12419,"href":"https:\/\/wp.ufpel.edu.br\/ceng\/wp-json\/wp\/v2\/posts\/12414\/revisions\/12419"}],"wp:attachment":[{"href":"https:\/\/wp.ufpel.edu.br\/ceng\/wp-json\/wp\/v2\/media?parent=12414"}],"wp:term":[{"taxonomy":"category","embeddable":true,"href":"https:\/\/wp.ufpel.edu.br\/ceng\/wp-json\/wp\/v2\/categories?post=12414"},{"taxonomy":"post_tag","embeddable":true,"href":"https:\/\/wp.ufpel.edu.br\/ceng\/wp-json\/wp\/v2\/tags?post=12414"}],"curies":[{"name":"wp","href":"https:\/\/api.w.org\/{rel}","templated":true}]}}