{"id":12391,"date":"2025-05-29T16:39:14","date_gmt":"2025-05-29T19:39:14","guid":{"rendered":"https:\/\/wp.ufpel.edu.br\/ceng\/?p=12391"},"modified":"2025-05-29T16:39:14","modified_gmt":"2025-05-29T19:39:14","slug":"resultado-da-consulta-informal-para-direcao-e-chefia-de-nucleo-administrativo-do-centro-de-engenharia-ceng","status":"publish","type":"post","link":"https:\/\/wp.ufpel.edu.br\/ceng\/resultado-da-consulta-informal-para-direcao-e-chefia-de-nucleo-administrativo-do-centro-de-engenharia-ceng\/","title":{"rendered":"Resultado da Consulta Informal para Dire\u00e7\u00e3o e Chefia de N\u00facleo Administrativo do Centro de Engenharia (CENG)"},"content":{"rendered":"<p>A Comiss\u00e3o Eleitoral, organizadora da Consulta Informal para escolha da Dire\u00e7\u00e3o e Chefia de N\u00facleo Administrativo do Centro de Engenharia da Universidade Federal de Pelotas (UFPel) torna p\u00fablico o resultado final da vota\u00e7\u00e3o realizada junto \u00e0 comunidade acad\u00eamica: docentes, t\u00e9cnico-administrativos em educa\u00e7\u00e3o (TAEs) e discentes.<br \/>\nA consulta foi conduzida de forma democr\u00e1tica e transparente, com urnas separadas para cada segmento da comunidade. A apura\u00e7\u00e3o dos votos ocorreu de maneira regular e sem registros de impugna\u00e7\u00f5es ou inconsist\u00eancias.<br \/>\nAp\u00f3s a consolida\u00e7\u00e3o dos votos, os resultados foram os seguintes:<\/p>\n<p><a href=\"https:\/\/wp.ufpel.edu.br\/ceng\/files\/2025\/05\/Votos.png\"><img src=\"https:\/\/wp.ufpel.edu.br\/ceng\/files\/2025\/05\/Votos.png\" alt=\"\" width=\"515\" height=\"486\" class=\"aligncenter size-full wp-image-12393\" srcset=\"https:\/\/wp.ufpel.edu.br\/ceng\/files\/2025\/05\/Votos.png 515w, https:\/\/wp.ufpel.edu.br\/ceng\/files\/2025\/05\/Votos-400x377.png 400w\" sizes=\"(max-width: 515px) 100vw, 515px\" \/><\/a><\/p>\n<p>O resultado final ser\u00e1 encaminhado ao Conselho do Centro de Engenharias para os devidos tr\u00e2mites administrativos.<br \/>\nA Comiss\u00e3o Organizadora agradece a participa\u00e7\u00e3o de todos os membros da comunidade acad\u00eamica do CENG e refor\u00e7a a import\u00e2ncia do envolvimento coletivo nas decis\u00f5es institucionais.<\/p>\n<p>Pelotas, 29 de maio de 2025.<br \/>\nComiss\u00e3o Eleitoral CENG<\/p>\n","protected":false},"excerpt":{"rendered":"<p>A Comiss\u00e3o Eleitoral, organizadora da Consulta Informal para escolha da Dire\u00e7\u00e3o e Chefia de N\u00facleo Administrativo do Centro de Engenharia da Universidade Federal de Pelotas (UFPel) torna p\u00fablico o resultado final da vota\u00e7\u00e3o realizada junto \u00e0 comunidade acad\u00eamica: docentes, t\u00e9cnico-administrativos em educa\u00e7\u00e3o (TAEs) e discentes. A consulta foi conduzida de forma democr\u00e1tica e transparente, com [&hellip;]<\/p>\n","protected":false},"author":67,"featured_media":0,"comment_status":"closed","ping_status":"closed","sticky":false,"template":"","format":"standard","meta":{"footnotes":""},"categories":[1],"tags":[],"class_list":["post-12391","post","type-post","status-publish","format-standard","hentry","category-ultimos-posts"],"jetpack_featured_media_url":"","publishpress_future_action":{"enabled":false,"date":"2026-05-04 21:09:46","action":"change-status","newStatus":"draft","terms":[],"taxonomy":"category","extraData":[]},"publishpress_future_workflow_manual_trigger":{"enabledWorkflows":[]},"_links":{"self":[{"href":"https:\/\/wp.ufpel.edu.br\/ceng\/wp-json\/wp\/v2\/posts\/12391","targetHints":{"allow":["GET"]}}],"collection":[{"href":"https:\/\/wp.ufpel.edu.br\/ceng\/wp-json\/wp\/v2\/posts"}],"about":[{"href":"https:\/\/wp.ufpel.edu.br\/ceng\/wp-json\/wp\/v2\/types\/post"}],"author":[{"embeddable":true,"href":"https:\/\/wp.ufpel.edu.br\/ceng\/wp-json\/wp\/v2\/users\/67"}],"replies":[{"embeddable":true,"href":"https:\/\/wp.ufpel.edu.br\/ceng\/wp-json\/wp\/v2\/comments?post=12391"}],"version-history":[{"count":2,"href":"https:\/\/wp.ufpel.edu.br\/ceng\/wp-json\/wp\/v2\/posts\/12391\/revisions"}],"predecessor-version":[{"id":12395,"href":"https:\/\/wp.ufpel.edu.br\/ceng\/wp-json\/wp\/v2\/posts\/12391\/revisions\/12395"}],"wp:attachment":[{"href":"https:\/\/wp.ufpel.edu.br\/ceng\/wp-json\/wp\/v2\/media?parent=12391"}],"wp:term":[{"taxonomy":"category","embeddable":true,"href":"https:\/\/wp.ufpel.edu.br\/ceng\/wp-json\/wp\/v2\/categories?post=12391"},{"taxonomy":"post_tag","embeddable":true,"href":"https:\/\/wp.ufpel.edu.br\/ceng\/wp-json\/wp\/v2\/tags?post=12391"}],"curies":[{"name":"wp","href":"https:\/\/api.w.org\/{rel}","templated":true}]}}