{"id":12367,"date":"2025-05-22T17:32:50","date_gmt":"2025-05-22T20:32:50","guid":{"rendered":"https:\/\/wp.ufpel.edu.br\/ceng\/?p=12367"},"modified":"2025-05-22T17:32:50","modified_gmt":"2025-05-22T20:32:50","slug":"consulta-informal-para-eleicao-da-direcao-e-chefe-de-nucleo-administrativo-do-ceng","status":"publish","type":"post","link":"https:\/\/wp.ufpel.edu.br\/ceng\/consulta-informal-para-eleicao-da-direcao-e-chefe-de-nucleo-administrativo-do-ceng\/","title":{"rendered":"Consulta Informal para elei\u00e7\u00e3o da Dire\u00e7\u00e3o e Chefe de N\u00facleo Administrativo do CENG"},"content":{"rendered":"<p>&nbsp;<\/p>\n<p>A Comiss\u00e3o de Elei\u00e7\u00e3o do Centro de Engenharias da Universidade Federal de Pelotas convoca toda a comunidade acad\u00eamica \u2013 docentes, t\u00e9cnicos(as) administrativos(as) e discentes \u2013 para participar da consulta informal para elei\u00e7\u00e3o dos(as) ocupantes dos cargos de\u00a0<strong>Diretor(a) e<\/strong>\u00a0<strong>Diretor(a) Adjunto(a)<\/strong>\u00a0e da consulta informal para elei\u00e7\u00e3o do(a)\u00a0<strong>Chefe do N\u00facleo Administrativo<\/strong>\u00a0do CENG, mandatos 2025-2029.<\/p>\n<p>As vota\u00e7\u00f5es ser\u00e3o realizadas\u00a0<strong>de forma virtual<\/strong>, por meio do\u00a0<strong>Sistema Helios Voting da UFPel<\/strong>, com in\u00edcio \u00e0s\u00a0<strong>08h do dia 26 de maio de 2025 (26\/05\/25)<\/strong>\u00a0e encerramento \u00e0s\u00a0<strong>17h do dia 28 de maio de 2025 (28\/05\/25)<\/strong>.<\/p>\n<p>Os e-mails com os\u00a0<strong>links de acesso \u00e0s urnas de vota\u00e7\u00e3o<\/strong>\u00a0ser\u00e3o enviados no dia 23\/05\/2025:<\/p>\n<ul>\n<li>Aos\u00a0<strong>servidores (docentes e t\u00e9cnicos administrativos)<\/strong>, para os respectivos\u00a0<strong>e-mails institucionais (@ufpel.edu.br)<\/strong>;<\/li>\n<li>Aos\u00a0<strong>discentes<\/strong>, para os\u00a0<strong>e-mails cadastrados no sistema Cobalto<\/strong>.<\/li>\n<\/ul>\n<p>Contamos com a participa\u00e7\u00e3o de todas e todos neste importante processo democr\u00e1tico.<\/p>\n<p><strong>Comiss\u00e3o de Elei\u00e7\u00e3o do Centro de Engenharias<\/strong><br \/>\nPelotas, maio de 2025<\/p>\n","protected":false},"excerpt":{"rendered":"<p>&nbsp; A Comiss\u00e3o de Elei\u00e7\u00e3o do Centro de Engenharias da Universidade Federal de Pelotas convoca toda a comunidade acad\u00eamica \u2013 docentes, t\u00e9cnicos(as) administrativos(as) e discentes \u2013 para participar da consulta informal para elei\u00e7\u00e3o dos(as) ocupantes dos cargos de\u00a0Diretor(a) e\u00a0Diretor(a) Adjunto(a)\u00a0e da consulta informal para elei\u00e7\u00e3o do(a)\u00a0Chefe do N\u00facleo Administrativo\u00a0do CENG, mandatos 2025-2029. As vota\u00e7\u00f5es ser\u00e3o [&hellip;]<\/p>\n","protected":false},"author":67,"featured_media":0,"comment_status":"closed","ping_status":"closed","sticky":false,"template":"","format":"standard","meta":{"footnotes":""},"categories":[1],"tags":[],"class_list":["post-12367","post","type-post","status-publish","format-standard","hentry","category-ultimos-posts"],"jetpack_featured_media_url":"","publishpress_future_action":{"enabled":false,"date":"2026-05-04 16:27:55","action":"change-status","newStatus":"draft","terms":[],"taxonomy":"category","extraData":[]},"publishpress_future_workflow_manual_trigger":{"enabledWorkflows":[]},"_links":{"self":[{"href":"https:\/\/wp.ufpel.edu.br\/ceng\/wp-json\/wp\/v2\/posts\/12367","targetHints":{"allow":["GET"]}}],"collection":[{"href":"https:\/\/wp.ufpel.edu.br\/ceng\/wp-json\/wp\/v2\/posts"}],"about":[{"href":"https:\/\/wp.ufpel.edu.br\/ceng\/wp-json\/wp\/v2\/types\/post"}],"author":[{"embeddable":true,"href":"https:\/\/wp.ufpel.edu.br\/ceng\/wp-json\/wp\/v2\/users\/67"}],"replies":[{"embeddable":true,"href":"https:\/\/wp.ufpel.edu.br\/ceng\/wp-json\/wp\/v2\/comments?post=12367"}],"version-history":[{"count":2,"href":"https:\/\/wp.ufpel.edu.br\/ceng\/wp-json\/wp\/v2\/posts\/12367\/revisions"}],"predecessor-version":[{"id":12370,"href":"https:\/\/wp.ufpel.edu.br\/ceng\/wp-json\/wp\/v2\/posts\/12367\/revisions\/12370"}],"wp:attachment":[{"href":"https:\/\/wp.ufpel.edu.br\/ceng\/wp-json\/wp\/v2\/media?parent=12367"}],"wp:term":[{"taxonomy":"category","embeddable":true,"href":"https:\/\/wp.ufpel.edu.br\/ceng\/wp-json\/wp\/v2\/categories?post=12367"},{"taxonomy":"post_tag","embeddable":true,"href":"https:\/\/wp.ufpel.edu.br\/ceng\/wp-json\/wp\/v2\/tags?post=12367"}],"curies":[{"name":"wp","href":"https:\/\/api.w.org\/{rel}","templated":true}]}}