{"id":12360,"date":"2025-05-21T09:58:29","date_gmt":"2025-05-21T12:58:29","guid":{"rendered":"https:\/\/wp.ufpel.edu.br\/ceng\/?p=12360"},"modified":"2025-05-22T17:04:08","modified_gmt":"2025-05-22T20:04:08","slug":"edital-para-bolsa-de-desenvolvimento-na-unidade-bdu-5","status":"publish","type":"post","link":"https:\/\/wp.ufpel.edu.br\/ceng\/edital-para-bolsa-de-desenvolvimento-na-unidade-bdu-5\/","title":{"rendered":"Edital para Bolsa de Desenvolvimento na unidade (BDU)"},"content":{"rendered":"<p><em><strong>&#8220;Atualiza\u00e7\u00e3o&#8221;<\/strong><\/em><\/p>\n<p><strong>Prezado(a) candidato(a),<\/strong><\/p>\n<p>Gostar\u00edamos de comunicar algumas altera\u00e7\u00f5es no cronograma previamente estabelecido.<\/p>\n<p><strong>As entrevistas que ocorreriam no dia 23 de maio de 2025, \u00e0s 09h00, na sala 306 ser\u00e3o alteradas para o dia 27\/05 ter\u00e7a-feira as 10h00 em virtude da<em>\u00a0continuidade da paralisa\u00e7\u00e3o dos T\u00e9cnicos Administrativos em Educa\u00e7\u00e3o &#8211; TAE.<\/em>)<\/strong><\/p>\n<p>Ressaltamos a import\u00e2ncia de que todos os candidatos estejam presentes\u00a0<strong>pontualmente no hor\u00e1rio estipulado<\/strong>, uma vez que a\u00a0<strong>ordem das entrevistas ser\u00e1 definida de forma aleat\u00f3ria<\/strong>. A aus\u00eancia no momento da chamada acarretar\u00e1 na\u00a0<strong>elimina\u00e7\u00e3o autom\u00e1tica<\/strong>\u00a0do(a) candidato(a).<\/p>\n<p>Agradecemos a compreens\u00e3o de todos.<\/p>\n<p>Link : <a href=\"https:\/\/wp.ufpel.edu.br\/ceng\/files\/2025\/05\/LISTA-DE-CANDIDATOS-HOMOLOGADOS-PARA-BOLSISTA-BDU.pdf\">LISTA DE CANDIDATOS HOMOLOGADOS PARA BOLSISTA BDU<\/a><\/p>\n<p>&nbsp;<\/p>\n","protected":false},"excerpt":{"rendered":"<p>&#8220;Atualiza\u00e7\u00e3o&#8221; Prezado(a) candidato(a), Gostar\u00edamos de comunicar algumas altera\u00e7\u00f5es no cronograma previamente estabelecido. As entrevistas que ocorreriam no dia 23 de maio de 2025, \u00e0s 09h00, na sala 306 ser\u00e3o alteradas para o dia 27\/05 ter\u00e7a-feira as 10h00 em virtude da\u00a0continuidade da paralisa\u00e7\u00e3o dos T\u00e9cnicos Administrativos em Educa\u00e7\u00e3o &#8211; TAE.) Ressaltamos a import\u00e2ncia de que todos [&hellip;]<\/p>\n","protected":false},"author":67,"featured_media":0,"comment_status":"closed","ping_status":"closed","sticky":false,"template":"","format":"standard","meta":{"footnotes":""},"categories":[1],"tags":[],"class_list":["post-12360","post","type-post","status-publish","format-standard","hentry","category-ultimos-posts"],"jetpack_featured_media_url":"","publishpress_future_action":{"enabled":false,"date":"2026-05-06 22:21:11","action":"change-status","newStatus":"draft","terms":[],"taxonomy":"category","extraData":[]},"publishpress_future_workflow_manual_trigger":{"enabledWorkflows":[]},"_links":{"self":[{"href":"https:\/\/wp.ufpel.edu.br\/ceng\/wp-json\/wp\/v2\/posts\/12360","targetHints":{"allow":["GET"]}}],"collection":[{"href":"https:\/\/wp.ufpel.edu.br\/ceng\/wp-json\/wp\/v2\/posts"}],"about":[{"href":"https:\/\/wp.ufpel.edu.br\/ceng\/wp-json\/wp\/v2\/types\/post"}],"author":[{"embeddable":true,"href":"https:\/\/wp.ufpel.edu.br\/ceng\/wp-json\/wp\/v2\/users\/67"}],"replies":[{"embeddable":true,"href":"https:\/\/wp.ufpel.edu.br\/ceng\/wp-json\/wp\/v2\/comments?post=12360"}],"version-history":[{"count":4,"href":"https:\/\/wp.ufpel.edu.br\/ceng\/wp-json\/wp\/v2\/posts\/12360\/revisions"}],"predecessor-version":[{"id":12366,"href":"https:\/\/wp.ufpel.edu.br\/ceng\/wp-json\/wp\/v2\/posts\/12360\/revisions\/12366"}],"wp:attachment":[{"href":"https:\/\/wp.ufpel.edu.br\/ceng\/wp-json\/wp\/v2\/media?parent=12360"}],"wp:term":[{"taxonomy":"category","embeddable":true,"href":"https:\/\/wp.ufpel.edu.br\/ceng\/wp-json\/wp\/v2\/categories?post=12360"},{"taxonomy":"post_tag","embeddable":true,"href":"https:\/\/wp.ufpel.edu.br\/ceng\/wp-json\/wp\/v2\/tags?post=12360"}],"curies":[{"name":"wp","href":"https:\/\/api.w.org\/{rel}","templated":true}]}}