{"id":1228,"date":"2016-08-23T11:21:50","date_gmt":"2016-08-23T14:21:50","guid":{"rendered":"https:\/\/wp.ufpel.edu.br\/ceng\/?p=1228"},"modified":"2016-10-07T09:36:08","modified_gmt":"2016-10-07T12:36:08","slug":"convocacao-para-eleicao-de-representantes-dos-discentes-docentes-e-tecnicos-administrativos-no-conselho-do-centro-de-engenharias","status":"publish","type":"post","link":"https:\/\/wp.ufpel.edu.br\/ceng\/convocacao-para-eleicao-de-representantes-dos-discentes-docentes-e-tecnicos-administrativos-no-conselho-do-centro-de-engenharias\/","title":{"rendered":"CONVOCA\u00c7\u00c3O PARA ELEI\u00c7\u00c3O DE REPRESENTANTES DOS DISCENTES, DOCENTES E T\u00c9CNICOS ADMINISTRATIVOS NO CONSELHO DO CENTRO DE ENGENHARIAS"},"content":{"rendered":"<p><strong><u>Locais de Vota\u00e7\u00e3o<\/u><\/strong><\/p>\n<p><strong><u>\u00a0<\/u><\/strong><\/p>\n<p>&nbsp;<\/p>\n<p>Conforme Edital a consulta \u00e0 comunidade ser\u00e1 realizada no<strong> dia 24 de agosto das 09:00hs \u00e0s 12:00hs e das 14:00hs as 20:00hs.\u00a0 <\/strong><\/p>\n<p>&nbsp;<\/p>\n<p>Ser\u00e1 disponibilizada urna para a vota\u00e7\u00e3o na sede do Centro de Engenharias, Rua Benjamim Constant, 989.<\/p>\n<p><strong>\u00a0<\/strong><\/p>\n<p><strong>\u00a0&#8211; A urna estar\u00e1 das 09:00hs \u00e0s 12:00hs e das 14:00hs \u00e0s 16:00hs na sala 305-2\u00a0 e das 16:00hs \u00e0s 20:00hs na sala 303. <\/strong><\/p>\n<p>&nbsp;<\/p>\n<p>&nbsp;<\/p>\n<p>\u00c9 obrigat\u00f3rio para todos os eleitores, no momento da vota\u00e7\u00e3o, a apresenta\u00e7\u00e3o de um documento oficial de identifica\u00e7\u00e3o. O eleitor que estiver inclu\u00eddo em mais de uma das categorias, dever\u00e1 optar por apenas uma.<\/p>\n<p><strong>\u00a0<\/strong><\/p>\n<p>&nbsp;<\/p>\n<p>Pelotas, 23 de agosto de 2016.<\/p>\n<p>&nbsp;<\/p>\n<p>&nbsp;<\/p>\n<p>Prof<u><sup>.<\/sup><\/u> Leonardo da Silva Oliveira<\/p>\n<p>Presidente da Comiss\u00e3o Eleitoral<\/p>\n","protected":false},"excerpt":{"rendered":"<p>Locais de Vota\u00e7\u00e3o \u00a0 &nbsp; Conforme Edital a consulta \u00e0 comunidade ser\u00e1 realizada no dia 24 de agosto das 09:00hs \u00e0s 12:00hs e das 14:00hs as 20:00hs.\u00a0 &nbsp; Ser\u00e1 disponibilizada urna para a vota\u00e7\u00e3o na sede do Centro de Engenharias, Rua Benjamim Constant, 989. \u00a0 \u00a0&#8211; A urna estar\u00e1 das 09:00hs \u00e0s 12:00hs e das [&hellip;]<\/p>\n","protected":false},"author":67,"featured_media":0,"comment_status":"closed","ping_status":"closed","sticky":false,"template":"","format":"standard","meta":{"footnotes":""},"categories":[48709,48717,1],"tags":[48855,48856,48857],"class_list":["post-1228","post","type-post","status-publish","format-standard","hentry","category-conselho","category-eleicoes","category-ultimos-posts","tag-representantes-discentes","tag-representantes-docentes","tag-representantes-tecnicos-administrativos"],"jetpack_featured_media_url":"","publishpress_future_action":{"enabled":false,"date":"2026-05-06 20:04:20","action":"change-status","newStatus":"draft","terms":[],"taxonomy":"category","extraData":[]},"publishpress_future_workflow_manual_trigger":{"enabledWorkflows":[]},"_links":{"self":[{"href":"https:\/\/wp.ufpel.edu.br\/ceng\/wp-json\/wp\/v2\/posts\/1228","targetHints":{"allow":["GET"]}}],"collection":[{"href":"https:\/\/wp.ufpel.edu.br\/ceng\/wp-json\/wp\/v2\/posts"}],"about":[{"href":"https:\/\/wp.ufpel.edu.br\/ceng\/wp-json\/wp\/v2\/types\/post"}],"author":[{"embeddable":true,"href":"https:\/\/wp.ufpel.edu.br\/ceng\/wp-json\/wp\/v2\/users\/67"}],"replies":[{"embeddable":true,"href":"https:\/\/wp.ufpel.edu.br\/ceng\/wp-json\/wp\/v2\/comments?post=1228"}],"version-history":[{"count":1,"href":"https:\/\/wp.ufpel.edu.br\/ceng\/wp-json\/wp\/v2\/posts\/1228\/revisions"}],"predecessor-version":[{"id":1230,"href":"https:\/\/wp.ufpel.edu.br\/ceng\/wp-json\/wp\/v2\/posts\/1228\/revisions\/1230"}],"wp:attachment":[{"href":"https:\/\/wp.ufpel.edu.br\/ceng\/wp-json\/wp\/v2\/media?parent=1228"}],"wp:term":[{"taxonomy":"category","embeddable":true,"href":"https:\/\/wp.ufpel.edu.br\/ceng\/wp-json\/wp\/v2\/categories?post=1228"},{"taxonomy":"post_tag","embeddable":true,"href":"https:\/\/wp.ufpel.edu.br\/ceng\/wp-json\/wp\/v2\/tags?post=1228"}],"curies":[{"name":"wp","href":"https:\/\/api.w.org\/{rel}","templated":true}]}}