{"id":12120,"date":"2025-04-25T14:38:50","date_gmt":"2025-04-25T17:38:50","guid":{"rendered":"https:\/\/wp.ufpel.edu.br\/ceng\/?p=12120"},"modified":"2025-04-25T14:38:50","modified_gmt":"2025-04-25T17:38:50","slug":"edital-de-convocacao-para-consulta-informal-a-comunidade-do-centro-de-engenharias-para-eleicao-da-direcao-e-direcao-adjunta","status":"publish","type":"post","link":"https:\/\/wp.ufpel.edu.br\/ceng\/edital-de-convocacao-para-consulta-informal-a-comunidade-do-centro-de-engenharias-para-eleicao-da-direcao-e-direcao-adjunta\/","title":{"rendered":"EDITAL DE CONVOCA\u00c7\u00c3O PARA CONSULTA INFORMAL \u00c0 COMUNIDADE DO CENTRO DE ENGENHARIAS PARA ELEI\u00c7\u00c3O DA DIRE\u00c7\u00c3O E DIRE\u00c7\u00c3O ADJUNTA."},"content":{"rendered":"<p align=\"justify\">A Comiss\u00e3o Eleitoral constitu\u00edda\u00a0pela\u00a0Portaria do Centro de Engenharias N\u00ba\u00a014, de\u00a031\u00a0de mar\u00e7o\u00a0de 2025\u00a0para elaborar o Edital de Consulta Informal \u00e0 comunidade e condu\u00e7\u00e3o do processo eleitoral,\u00a0declara que est\u00e1 aberto o processo\u00a0eleitoral\u00a0para\u00a0Diretor(a)\u00a0e\u00a0Diretor(a)\u00a0Adjunto do Centro de Engenharias. O Processo se realizar\u00e1 de acordo com as normas vigentes\u00a0no Edital 001\/2025. As inscri\u00e7\u00f5es dos candidatos ser\u00e3o realizadas por meio digital,\u00a0conforme\u00a0as\u00a0regras do Edital 001\/2025\u00a0constante no\u00a0processo SEI\u00a023.110.011254\/2025-78.<\/p>\n<p align=\"justify\"><a href=\"https:\/\/wp.ufpel.edu.br\/ceng\/files\/2025\/04\/EDITAL_001_2025_CONSULTA_INFORMAL.pdf\">EDITAL_001_2025_CONSULTA_INFORMAL<\/a><\/p>\n","protected":false},"excerpt":{"rendered":"<p>A Comiss\u00e3o Eleitoral constitu\u00edda\u00a0pela\u00a0Portaria do Centro de Engenharias N\u00ba\u00a014, de\u00a031\u00a0de mar\u00e7o\u00a0de 2025\u00a0para elaborar o Edital de Consulta Informal \u00e0 comunidade e condu\u00e7\u00e3o do processo eleitoral,\u00a0declara que est\u00e1 aberto o processo\u00a0eleitoral\u00a0para\u00a0Diretor(a)\u00a0e\u00a0Diretor(a)\u00a0Adjunto do Centro de Engenharias. O Processo se realizar\u00e1 de acordo com as normas vigentes\u00a0no Edital 001\/2025. As inscri\u00e7\u00f5es dos candidatos ser\u00e3o realizadas por meio digital,\u00a0conforme\u00a0as\u00a0regras [&hellip;]<\/p>\n","protected":false},"author":67,"featured_media":0,"comment_status":"closed","ping_status":"closed","sticky":false,"template":"","format":"standard","meta":{"footnotes":""},"categories":[1],"tags":[],"class_list":["post-12120","post","type-post","status-publish","format-standard","hentry","category-ultimos-posts"],"jetpack_featured_media_url":"","publishpress_future_action":{"enabled":false,"date":"2026-05-04 23:26:54","action":"change-status","newStatus":"draft","terms":[],"taxonomy":"category","extraData":[]},"publishpress_future_workflow_manual_trigger":{"enabledWorkflows":[]},"_links":{"self":[{"href":"https:\/\/wp.ufpel.edu.br\/ceng\/wp-json\/wp\/v2\/posts\/12120","targetHints":{"allow":["GET"]}}],"collection":[{"href":"https:\/\/wp.ufpel.edu.br\/ceng\/wp-json\/wp\/v2\/posts"}],"about":[{"href":"https:\/\/wp.ufpel.edu.br\/ceng\/wp-json\/wp\/v2\/types\/post"}],"author":[{"embeddable":true,"href":"https:\/\/wp.ufpel.edu.br\/ceng\/wp-json\/wp\/v2\/users\/67"}],"replies":[{"embeddable":true,"href":"https:\/\/wp.ufpel.edu.br\/ceng\/wp-json\/wp\/v2\/comments?post=12120"}],"version-history":[{"count":1,"href":"https:\/\/wp.ufpel.edu.br\/ceng\/wp-json\/wp\/v2\/posts\/12120\/revisions"}],"predecessor-version":[{"id":12123,"href":"https:\/\/wp.ufpel.edu.br\/ceng\/wp-json\/wp\/v2\/posts\/12120\/revisions\/12123"}],"wp:attachment":[{"href":"https:\/\/wp.ufpel.edu.br\/ceng\/wp-json\/wp\/v2\/media?parent=12120"}],"wp:term":[{"taxonomy":"category","embeddable":true,"href":"https:\/\/wp.ufpel.edu.br\/ceng\/wp-json\/wp\/v2\/categories?post=12120"},{"taxonomy":"post_tag","embeddable":true,"href":"https:\/\/wp.ufpel.edu.br\/ceng\/wp-json\/wp\/v2\/tags?post=12120"}],"curies":[{"name":"wp","href":"https:\/\/api.w.org\/{rel}","templated":true}]}}