{"id":12029,"date":"2025-02-10T11:33:17","date_gmt":"2025-02-10T14:33:17","guid":{"rendered":"https:\/\/wp.ufpel.edu.br\/ceng\/?p=12029"},"modified":"2025-02-10T11:33:17","modified_gmt":"2025-02-10T14:33:17","slug":"doacao-de-equipamento-pela-empresa-sicflux-ao-laboratorio-de-agrotecnologia","status":"publish","type":"post","link":"https:\/\/wp.ufpel.edu.br\/ceng\/doacao-de-equipamento-pela-empresa-sicflux-ao-laboratorio-de-agrotecnologia\/","title":{"rendered":"Doa\u00e7\u00e3o de Equipamento pela Empresa SicFlux ao Laborat\u00f3rio de Agrotecnologia"},"content":{"rendered":"<p>O Laborat\u00f3rio de Agrotecnologia da Universidade Federal de Pelotas, parte do Centro de Engenharias, recebeu a doa\u00e7\u00e3o de um ventilador da empresa\u00a0<strong>SicFlux<\/strong>, especialista em sistemas de qualidade do ar.<\/p>\n<p>Esse equipamento ser\u00e1 fundamental para o desenvolvimento de\u00a0<strong>aulas pr\u00e1ticas, trabalhos de conclus\u00e3o de curso, disserta\u00e7\u00f5es e teses<\/strong>, contribuindo significativamente para a forma\u00e7\u00e3o acad\u00eamica e a pesquisa na \u00e1rea.<\/p>\n<p>A\u00a0<strong>SicFlux<\/strong>, uma empresa familiar com sede em Santa Catarina, reafirma seu compromisso com a inova\u00e7\u00e3o e o desenvolvimento cient\u00edfico ao apoiar institui\u00e7\u00f5es de ensino e pesquisa.<\/p>\n<p>Agradecemos \u00e0\u00a0<strong>Coordenadora da Regi\u00e3o Sul, Inez Luz<\/strong>, e \u00e0\u00a0<strong>dire\u00e7\u00e3o da SicFlux<\/strong>\u00a0por essa valiosa contribui\u00e7\u00e3o, que fortalecer\u00e1 ainda mais as atividades do laborat\u00f3rio.<\/p>\n","protected":false},"excerpt":{"rendered":"<p>O Laborat\u00f3rio de Agrotecnologia da Universidade Federal de Pelotas, parte do Centro de Engenharias, recebeu a doa\u00e7\u00e3o de um ventilador da empresa\u00a0SicFlux, especialista em sistemas de qualidade do ar. Esse equipamento ser\u00e1 fundamental para o desenvolvimento de\u00a0aulas pr\u00e1ticas, trabalhos de conclus\u00e3o de curso, disserta\u00e7\u00f5es e teses, contribuindo significativamente para a forma\u00e7\u00e3o acad\u00eamica e a pesquisa [&hellip;]<\/p>\n","protected":false},"author":67,"featured_media":0,"comment_status":"closed","ping_status":"closed","sticky":false,"template":"","format":"standard","meta":{"footnotes":""},"categories":[1],"tags":[],"class_list":["post-12029","post","type-post","status-publish","format-standard","hentry","category-ultimos-posts"],"jetpack_featured_media_url":"","publishpress_future_action":{"enabled":false,"date":"2026-05-04 08:32:22","action":"change-status","newStatus":"draft","terms":[],"taxonomy":"category","extraData":[]},"publishpress_future_workflow_manual_trigger":{"enabledWorkflows":[]},"_links":{"self":[{"href":"https:\/\/wp.ufpel.edu.br\/ceng\/wp-json\/wp\/v2\/posts\/12029","targetHints":{"allow":["GET"]}}],"collection":[{"href":"https:\/\/wp.ufpel.edu.br\/ceng\/wp-json\/wp\/v2\/posts"}],"about":[{"href":"https:\/\/wp.ufpel.edu.br\/ceng\/wp-json\/wp\/v2\/types\/post"}],"author":[{"embeddable":true,"href":"https:\/\/wp.ufpel.edu.br\/ceng\/wp-json\/wp\/v2\/users\/67"}],"replies":[{"embeddable":true,"href":"https:\/\/wp.ufpel.edu.br\/ceng\/wp-json\/wp\/v2\/comments?post=12029"}],"version-history":[{"count":1,"href":"https:\/\/wp.ufpel.edu.br\/ceng\/wp-json\/wp\/v2\/posts\/12029\/revisions"}],"predecessor-version":[{"id":12031,"href":"https:\/\/wp.ufpel.edu.br\/ceng\/wp-json\/wp\/v2\/posts\/12029\/revisions\/12031"}],"wp:attachment":[{"href":"https:\/\/wp.ufpel.edu.br\/ceng\/wp-json\/wp\/v2\/media?parent=12029"}],"wp:term":[{"taxonomy":"category","embeddable":true,"href":"https:\/\/wp.ufpel.edu.br\/ceng\/wp-json\/wp\/v2\/categories?post=12029"},{"taxonomy":"post_tag","embeddable":true,"href":"https:\/\/wp.ufpel.edu.br\/ceng\/wp-json\/wp\/v2\/tags?post=12029"}],"curies":[{"name":"wp","href":"https:\/\/api.w.org\/{rel}","templated":true}]}}