{"id":11625,"date":"2024-01-12T14:16:12","date_gmt":"2024-01-12T17:16:12","guid":{"rendered":"https:\/\/wp.ufpel.edu.br\/ceng\/?p=11625"},"modified":"2024-01-12T14:16:58","modified_gmt":"2024-01-12T17:16:58","slug":"11625-2","status":"publish","type":"post","link":"https:\/\/wp.ufpel.edu.br\/ceng\/11625-2\/","title":{"rendered":"Pr\u00e9dio 1001, do Centro de Engenharias, passar\u00e1 por reforma"},"content":{"rendered":"<p><img class=\"size-medium wp-image-123757 alignleft\" src=\"https:\/\/ccs2.ufpel.edu.br\/wp\/wp-content\/uploads\/2024\/01\/1-400x300.jpg\" alt=\"\" width=\"400\" height=\"300\" data-attachment-id=\"123757\" data-permalink=\"https:\/\/ccs2.ufpel.edu.br\/wp\/2024\/01\/12\/predio-1001-do-centro-de-engenharias-passara-por-reforma\/1-175\/\" data-orig-file=\"https:\/\/ccs2.ufpel.edu.br\/wp\/wp-content\/uploads\/2024\/01\/1.jpg\" data-orig-size=\"1280,960\" data-comments-opened=\"0\" data-image-meta=\"{&quot;aperture&quot;:&quot;0&quot;,&quot;credit&quot;:&quot;&quot;,&quot;camera&quot;:&quot;&quot;,&quot;caption&quot;:&quot;&quot;,&quot;created_timestamp&quot;:&quot;0&quot;,&quot;copyright&quot;:&quot;&quot;,&quot;focal_length&quot;:&quot;0&quot;,&quot;iso&quot;:&quot;0&quot;,&quot;shutter_speed&quot;:&quot;0&quot;,&quot;title&quot;:&quot;&quot;,&quot;orientation&quot;:&quot;0&quot;}\" data-image-title=\"1\" data-image-description=\"\" data-image-caption=\"\" data-medium-file=\"https:\/\/ccs2.ufpel.edu.br\/wp\/wp-content\/uploads\/2024\/01\/1-400x300.jpg\" data-large-file=\"https:\/\/ccs2.ufpel.edu.br\/wp\/wp-content\/uploads\/2024\/01\/1-1024x768.jpg\" \/>H\u00e1 muito desejada pela comunidade do\u00a0<a href=\"https:\/\/wp.ufpel.edu.br\/ceng\/\">Centro de Engenharias<\/a>\u00a0da Universidade Federal de Pelotas (CEng\/UFPel), a revitaliza\u00e7\u00e3o do pr\u00e9dio 1001 ir\u00e1 iniciar no dia 1\u00ba de fevereiro. O im\u00f3vel, anexo ao pr\u00e9dio da Cotada, fica na rua Benjamin Constant, 1001, e possui dois pavimentos. O local receber\u00e1, no andar t\u00e9rreo, um audit\u00f3rio de 140 lugares, sala para estudos e espa\u00e7o de conviv\u00eancia e, no piso superior, setes salas de aula, que podem ser flexibilizadas caso necess\u00e1rio.<\/p>\n<p><a href=\"https:\/\/ccs2.ufpel.edu.br\/wp\/wp-content\/uploads\/2024\/01\/4.jpg\"><img class=\"size-medium wp-image-123758 alignleft\" src=\"https:\/\/ccs2.ufpel.edu.br\/wp\/wp-content\/uploads\/2024\/01\/4-400x235.jpg\" alt=\"\" width=\"400\" height=\"235\" data-attachment-id=\"123758\" data-permalink=\"https:\/\/ccs2.ufpel.edu.br\/wp\/2024\/01\/12\/predio-1001-do-centro-de-engenharias-passara-por-reforma\/4-91\/\" data-orig-file=\"https:\/\/ccs2.ufpel.edu.br\/wp\/wp-content\/uploads\/2024\/01\/4.jpg\" data-orig-size=\"494,290\" data-comments-opened=\"0\" data-image-meta=\"{&quot;aperture&quot;:&quot;0&quot;,&quot;credit&quot;:&quot;&quot;,&quot;camera&quot;:&quot;&quot;,&quot;caption&quot;:&quot;&quot;,&quot;created_timestamp&quot;:&quot;0&quot;,&quot;copyright&quot;:&quot;&quot;,&quot;focal_length&quot;:&quot;0&quot;,&quot;iso&quot;:&quot;0&quot;,&quot;shutter_speed&quot;:&quot;0&quot;,&quot;title&quot;:&quot;&quot;,&quot;orientation&quot;:&quot;0&quot;}\" data-image-title=\"4\" data-image-description=\"\" data-image-caption=\"\" data-medium-file=\"https:\/\/ccs2.ufpel.edu.br\/wp\/wp-content\/uploads\/2024\/01\/4-400x235.jpg\" data-large-file=\"https:\/\/ccs2.ufpel.edu.br\/wp\/wp-content\/uploads\/2024\/01\/4.jpg\" \/><\/a>O espa\u00e7o possui 1.250m2 de \u00e1rea e \u00e9 inventariado. O investimento \u00e9 de R$ 3,4 milh\u00f5es. A obra, sob responsabilidade da empresa Rota Engenharia Ltda., ser\u00e1 realizada com recurso pr\u00f3prio da Universidade e deve ser conclu\u00edda em 18 meses.<br \/>\nNa manh\u00e3 desta sexta-feira (12), a reitora Isabela Andrade assinou o contrato que marca o in\u00edcio da revitaliza\u00e7\u00e3o do pr\u00e9dio. \u201c\u00c9 um momento emocionante. Essa reforma \u00e9 um marco para a comunidade acad\u00eamica\u201d, destacou a gestora. O projeto \u00e9 baseado na pesquisa e estudo inicial realizados como trabalho de conclus\u00e3o de curso pelo aluno de Engenharia Civil Lucas Barbosa, que, em 2020, foi orientado pela reitora \u2013 \u00e0 \u00e9poca, diretora do CEng. O levantamento de necessidades realizado pelo estudante junto \u00e0 comunidade do CEng apontou as prioridades de utiliza\u00e7\u00e3o do espa\u00e7o e, ap\u00f3s o estudo pronto, a Pr\u00f3-Reitoria de Planejamento de Desenvolvimento (Proplan) efetuou o projeto, incluindo aspectos de seguran\u00e7a e acessibilidade atendendo \u00e0 legisla\u00e7\u00e3o atual para a efetiva\u00e7\u00e3o da proposta. \u201cA qualifica\u00e7\u00e3o foi pensada principalmente para os estudantes, que apontaram, como car\u00eancia principal, \u00e1reas de conviv\u00eancia e audit\u00f3rio. Afinal, era uma unidade acad\u00eamica com dez cursos de gradua\u00e7\u00e3o e, naquele momento, com o maior n\u00famero de alunos e alunas, que n\u00e3o tinha local para realizar suas semanas acad\u00eamicas, por exemplo. Muito me orgulha esse projeto que \u00e9 fruto do desejo que a comunidade expressou\u201d, observou a reitora.<\/p>\n<p><a href=\"https:\/\/ccs2.ufpel.edu.br\/wp\/wp-content\/uploads\/2024\/01\/5.jpg\"><img class=\"size-full wp-image-123759 alignleft\" src=\"https:\/\/ccs2.ufpel.edu.br\/wp\/wp-content\/uploads\/2024\/01\/5.jpg\" alt=\"\" width=\"359\" height=\"202\" data-attachment-id=\"123759\" data-permalink=\"https:\/\/ccs2.ufpel.edu.br\/wp\/2024\/01\/12\/predio-1001-do-centro-de-engenharias-passara-por-reforma\/5-60\/\" data-orig-file=\"https:\/\/ccs2.ufpel.edu.br\/wp\/wp-content\/uploads\/2024\/01\/5.jpg\" data-orig-size=\"359,202\" data-comments-opened=\"0\" data-image-meta=\"{&quot;aperture&quot;:&quot;0&quot;,&quot;credit&quot;:&quot;&quot;,&quot;camera&quot;:&quot;&quot;,&quot;caption&quot;:&quot;&quot;,&quot;created_timestamp&quot;:&quot;0&quot;,&quot;copyright&quot;:&quot;&quot;,&quot;focal_length&quot;:&quot;0&quot;,&quot;iso&quot;:&quot;0&quot;,&quot;shutter_speed&quot;:&quot;0&quot;,&quot;title&quot;:&quot;&quot;,&quot;orientation&quot;:&quot;0&quot;}\" data-image-title=\"5\" data-image-description=\"\" data-image-caption=\"\" data-medium-file=\"https:\/\/ccs2.ufpel.edu.br\/wp\/wp-content\/uploads\/2024\/01\/5.jpg\" data-large-file=\"https:\/\/ccs2.ufpel.edu.br\/wp\/wp-content\/uploads\/2024\/01\/5.jpg\" \/><\/a>Isabela lembrou que a proposta surgiu paralelamente ao\u00a0<a href=\"https:\/\/wp.ufpel.edu.br\/ceng\/parque-linear-da-alfandega\/\">Parque Linear da Alf\u00e2ndega<\/a>, interven\u00e7\u00e3o em espa\u00e7o aberto que prop\u00f4s a qualifica\u00e7\u00e3o de tr\u00eas quadras, localizadas entre as ruas Conde de Porto Alegre, Dona Mariana, Xavier Ferreira e Uruguai. \u201cA Superintend\u00eancia de Infraestrutura fez uma s\u00e9rie de a\u00e7\u00f5es no quarteir\u00e3o da Pra\u00e7a da Alf\u00e2ndega e a ideia \u00e9 que isso se amplie\u201d, pontuou.<\/p>\n<p><a href=\"https:\/\/ccs2.ufpel.edu.br\/wp\/wp-content\/uploads\/2024\/01\/6.jpg\"><img class=\" wp-image-123763 alignleft\" src=\"https:\/\/ccs2.ufpel.edu.br\/wp\/wp-content\/uploads\/2024\/01\/6-400x327.jpg\" alt=\"\" width=\"387\" height=\"316\" data-attachment-id=\"123763\" data-permalink=\"https:\/\/ccs2.ufpel.edu.br\/wp\/2024\/01\/12\/predio-1001-do-centro-de-engenharias-passara-por-reforma\/6-47\/\" data-orig-file=\"https:\/\/ccs2.ufpel.edu.br\/wp\/wp-content\/uploads\/2024\/01\/6.jpg\" data-orig-size=\"1030,843\" data-comments-opened=\"0\" data-image-meta=\"{&quot;aperture&quot;:&quot;0&quot;,&quot;credit&quot;:&quot;&quot;,&quot;camera&quot;:&quot;&quot;,&quot;caption&quot;:&quot;&quot;,&quot;created_timestamp&quot;:&quot;0&quot;,&quot;copyright&quot;:&quot;&quot;,&quot;focal_length&quot;:&quot;0&quot;,&quot;iso&quot;:&quot;0&quot;,&quot;shutter_speed&quot;:&quot;0&quot;,&quot;title&quot;:&quot;&quot;,&quot;orientation&quot;:&quot;0&quot;}\" data-image-title=\"6\" data-image-description=\"\" data-image-caption=\"\" data-medium-file=\"https:\/\/ccs2.ufpel.edu.br\/wp\/wp-content\/uploads\/2024\/01\/6-400x327.jpg\" data-large-file=\"https:\/\/ccs2.ufpel.edu.br\/wp\/wp-content\/uploads\/2024\/01\/6-1024x838.jpg\" \/><\/a>A reitora ainda agradeceu o empenho da dire\u00e7\u00e3o do CEng, sob lideran\u00e7a do professor Bruno Vieira, e o trabalho da equipe da Proplan, apesar dos desafios impostos pela escassez de recursos. Segundo ela, o projeto estava previsto no conjunto de prioridades apontados pela gest\u00e3o desde 2017.<\/p>\n<p><a href=\"https:\/\/ccs2.ufpel.edu.br\/wp\/wp-content\/uploads\/2024\/01\/2-scaled.jpg\"><img class=\"size-medium wp-image-123760 alignleft\" src=\"https:\/\/ccs2.ufpel.edu.br\/wp\/wp-content\/uploads\/2024\/01\/2-400x225.jpg\" alt=\"\" width=\"400\" height=\"225\" data-attachment-id=\"123760\" data-permalink=\"https:\/\/ccs2.ufpel.edu.br\/wp\/2024\/01\/12\/predio-1001-do-centro-de-engenharias-passara-por-reforma\/2-153\/\" data-orig-file=\"https:\/\/ccs2.ufpel.edu.br\/wp\/wp-content\/uploads\/2024\/01\/2-scaled.jpg\" data-orig-size=\"2560,1441\" data-comments-opened=\"0\" data-image-meta=\"{&quot;aperture&quot;:&quot;1.8&quot;,&quot;credit&quot;:&quot;&quot;,&quot;camera&quot;:&quot;SM-S901E&quot;,&quot;caption&quot;:&quot;&quot;,&quot;created_timestamp&quot;:&quot;1705055965&quot;,&quot;copyright&quot;:&quot;&quot;,&quot;focal_length&quot;:&quot;5.4&quot;,&quot;iso&quot;:&quot;100&quot;,&quot;shutter_speed&quot;:&quot;0.0083333333333333&quot;,&quot;title&quot;:&quot;&quot;,&quot;orientation&quot;:&quot;1&quot;}\" data-image-title=\"2\" data-image-description=\"\" data-image-caption=\"\" data-medium-file=\"https:\/\/ccs2.ufpel.edu.br\/wp\/wp-content\/uploads\/2024\/01\/2-400x225.jpg\" data-large-file=\"https:\/\/ccs2.ufpel.edu.br\/wp\/wp-content\/uploads\/2024\/01\/2-1024x577.jpg\" \/><\/a>O diretor Bruno Vieira comemorou o in\u00edcio das obras e destacou a felicidade do momento. \u201c\u00c9 um anseio antigo da comunidade do CEng, que precisa muito de infraestrutura\u201d, disse, ponderando que muito ainda necessita ser feito.<\/p>\n<p>Ao explanar sobre o projeto, o coordenador de Obras e Projetos para Estrutura F\u00edsica da UFPel, Cleidi Pinto, destacou que o novo audit\u00f3rio ter\u00e1 entrada independente do pr\u00e9dio da Cotada, oportunizando seu uso por toda a comunidade da UFPel, e as \u00e1reas de viv\u00eancias para estudantes, em espa\u00e7os fechados e abertos. \u201c\u00c9 um pr\u00e9dio inventariado, de volumetria protegida, que manter\u00e1 suas caracter\u00edsticas externas\u201d, explicou.<\/p>\n<p><a href=\"https:\/\/ccs2.ufpel.edu.br\/wp\/wp-content\/uploads\/2024\/01\/3-scaled.jpg\"><img class=\"size-medium wp-image-123761 alignleft\" src=\"https:\/\/ccs2.ufpel.edu.br\/wp\/wp-content\/uploads\/2024\/01\/3-400x225.jpg\" alt=\"\" width=\"400\" height=\"225\" data-attachment-id=\"123761\" data-permalink=\"https:\/\/ccs2.ufpel.edu.br\/wp\/2024\/01\/12\/predio-1001-do-centro-de-engenharias-passara-por-reforma\/3-122\/\" data-orig-file=\"https:\/\/ccs2.ufpel.edu.br\/wp\/wp-content\/uploads\/2024\/01\/3-scaled.jpg\" data-orig-size=\"2560,1441\" data-comments-opened=\"0\" data-image-meta=\"{&quot;aperture&quot;:&quot;1.8&quot;,&quot;credit&quot;:&quot;&quot;,&quot;camera&quot;:&quot;SM-S901E&quot;,&quot;caption&quot;:&quot;&quot;,&quot;created_timestamp&quot;:&quot;1705056416&quot;,&quot;copyright&quot;:&quot;&quot;,&quot;focal_length&quot;:&quot;5.4&quot;,&quot;iso&quot;:&quot;100&quot;,&quot;shutter_speed&quot;:&quot;0.0083333333333333&quot;,&quot;title&quot;:&quot;&quot;,&quot;orientation&quot;:&quot;1&quot;}\" data-image-title=\"3\" data-image-description=\"\" data-image-caption=\"\" data-medium-file=\"https:\/\/ccs2.ufpel.edu.br\/wp\/wp-content\/uploads\/2024\/01\/3-400x225.jpg\" data-large-file=\"https:\/\/ccs2.ufpel.edu.br\/wp\/wp-content\/uploads\/2024\/01\/3-1024x577.jpg\" \/><\/a>Substituindo o pr\u00f3-reitor de Planejamento e Desenvolvimento, Paulo Ferreira J\u00fanior, o coordenador de Desenvolvimento Institucional Participativo, Claiton Lencina, salientou a satisfa\u00e7\u00e3o da Proplan pela concretiza\u00e7\u00e3o de um pleito antigo. Mencionando o protagonismo da Pr\u00f3-Reitoria, falou sobre outras obras, como a realoca\u00e7\u00e3o dos ambulat\u00f3rios do HE para o pr\u00e9dio da antiga Laneira, os Planos de Preven\u00e7\u00e3o e Prote\u00e7\u00e3o de Combate a Inc\u00eandio (PPCIs) \u2013 em vias de concretiza\u00e7\u00e3o -, o\u00a0<a href=\"https:\/\/ccs2.ufpel.edu.br\/wp\/2023\/06\/13\/comunidade-pelotense-recebe-oficialmente-o-largo-do-bola\/\">Largo do Bola<\/a>, o\u00a0<a href=\"https:\/\/ccs2.ufpel.edu.br\/wp\/2023\/06\/20\/inaugurado-oficialmente-deque-de-convivencia-do-campus-anglo\/\">deck do Anglo<\/a>, dentre outras. \u201c\u00c9 uma caminhada, e estamos contentes mais uma vez por estarmos juntos num momento desses\u201d, disse.<\/p>\n<p>A cerim\u00f4nia de assinatura contou, ainda, com a presen\u00e7a do s\u00f3cio-propriet\u00e1rio da Rota Engenharia, o engenheiro R\u00f4mulo Oliveira Tavares, e da chefe de gabinete substituta, Mariana Schardosim.<\/p>\n","protected":false},"excerpt":{"rendered":"<p>H\u00e1 muito desejada pela comunidade do\u00a0Centro de Engenharias\u00a0da Universidade Federal de Pelotas (CEng\/UFPel), a revitaliza\u00e7\u00e3o do pr\u00e9dio 1001 ir\u00e1 iniciar no dia 1\u00ba de fevereiro. O im\u00f3vel, anexo ao pr\u00e9dio da Cotada, fica na rua Benjamin Constant, 1001, e possui dois pavimentos. O local receber\u00e1, no andar t\u00e9rreo, um audit\u00f3rio de 140 lugares, sala para [&hellip;]<\/p>\n","protected":false},"author":67,"featured_media":0,"comment_status":"closed","ping_status":"closed","sticky":false,"template":"","format":"standard","meta":{"footnotes":""},"categories":[1],"tags":[],"class_list":["post-11625","post","type-post","status-publish","format-standard","hentry","category-ultimos-posts"],"jetpack_featured_media_url":"","publishpress_future_action":{"enabled":false,"date":"2026-05-05 00:47:10","action":"change-status","newStatus":"draft","terms":[],"taxonomy":"category","extraData":[]},"publishpress_future_workflow_manual_trigger":{"enabledWorkflows":[]},"_links":{"self":[{"href":"https:\/\/wp.ufpel.edu.br\/ceng\/wp-json\/wp\/v2\/posts\/11625","targetHints":{"allow":["GET"]}}],"collection":[{"href":"https:\/\/wp.ufpel.edu.br\/ceng\/wp-json\/wp\/v2\/posts"}],"about":[{"href":"https:\/\/wp.ufpel.edu.br\/ceng\/wp-json\/wp\/v2\/types\/post"}],"author":[{"embeddable":true,"href":"https:\/\/wp.ufpel.edu.br\/ceng\/wp-json\/wp\/v2\/users\/67"}],"replies":[{"embeddable":true,"href":"https:\/\/wp.ufpel.edu.br\/ceng\/wp-json\/wp\/v2\/comments?post=11625"}],"version-history":[{"count":6,"href":"https:\/\/wp.ufpel.edu.br\/ceng\/wp-json\/wp\/v2\/posts\/11625\/revisions"}],"predecessor-version":[{"id":11632,"href":"https:\/\/wp.ufpel.edu.br\/ceng\/wp-json\/wp\/v2\/posts\/11625\/revisions\/11632"}],"wp:attachment":[{"href":"https:\/\/wp.ufpel.edu.br\/ceng\/wp-json\/wp\/v2\/media?parent=11625"}],"wp:term":[{"taxonomy":"category","embeddable":true,"href":"https:\/\/wp.ufpel.edu.br\/ceng\/wp-json\/wp\/v2\/categories?post=11625"},{"taxonomy":"post_tag","embeddable":true,"href":"https:\/\/wp.ufpel.edu.br\/ceng\/wp-json\/wp\/v2\/tags?post=11625"}],"curies":[{"name":"wp","href":"https:\/\/api.w.org\/{rel}","templated":true}]}}