{"id":10576,"date":"2022-10-27T11:03:30","date_gmt":"2022-10-27T14:03:30","guid":{"rendered":"https:\/\/wp.ufpel.edu.br\/ceng\/?p=10576"},"modified":"2022-10-27T11:03:30","modified_gmt":"2022-10-27T14:03:30","slug":"semana-academica-do-curso-de-engenharia-geologica-7-a-11-de-novembro","status":"publish","type":"post","link":"https:\/\/wp.ufpel.edu.br\/ceng\/semana-academica-do-curso-de-engenharia-geologica-7-a-11-de-novembro\/","title":{"rendered":"SEMANA ACAD\u00caMICA DO CURSO DE ENGENHARIA GEOL\u00d3GICA &#8211; 7 A 11 DE NOVEMBRO"},"content":{"rendered":"<p>\u00c9 com imenso alegria que anunciamos a VI SAEG, estamos preparando palestras, minicursos e organizando muitos momentos legais para o evento que ocorrer\u00e1 de 7 a 11 de Novembro no Audit\u00f3rio do Campus II.<\/p>\n<p><a href=\"https:\/\/wp.ufpel.edu.br\/ceng\/files\/2022\/10\/WhatsApp-Image-2022-10-27-at-10.29.07.jpeg\"><img class=\" wp-image-10578 aligncenter\" src=\"https:\/\/wp.ufpel.edu.br\/ceng\/files\/2022\/10\/WhatsApp-Image-2022-10-27-at-10.29.07-398x400.jpeg\" alt=\"\" width=\"315\" height=\"317\" srcset=\"https:\/\/wp.ufpel.edu.br\/ceng\/files\/2022\/10\/WhatsApp-Image-2022-10-27-at-10.29.07-398x400.jpeg 398w, https:\/\/wp.ufpel.edu.br\/ceng\/files\/2022\/10\/WhatsApp-Image-2022-10-27-at-10.29.07-200x200.jpeg 200w, https:\/\/wp.ufpel.edu.br\/ceng\/files\/2022\/10\/WhatsApp-Image-2022-10-27-at-10.29.07.jpeg 695w\" sizes=\"(max-width: 315px) 100vw, 315px\" \/><\/a><\/p>\n<p style=\"text-align: center\">Mais Informa\u00e7\u00f5es no Instragram &#8211; <a href=\"https:\/\/www.instagram.com\/engeo.ufpel\/\">@engeo.ufpel<\/a><\/p>\n<p style=\"text-align: center\">Incri\u00e7\u00f5es: <a href=\"https:\/\/docs.google.com\/forms\/d\/e\/1FAIpQLSdSpjB8ttuWF7RavJ-wkdvQXAR7OtihhBhF2KZG1rJhS7WKpw\/viewform\">https:\/\/docs.google.com\/forms\/d\/e\/1FAIpQLSdSpjB8ttuWF7RavJ-wkdvQXAR7OtihhBhF2KZG1rJhS7WKpw\/viewform<\/a><\/p>\n<p>&nbsp;<\/p>\n","protected":false},"excerpt":{"rendered":"<p>\u00c9 com imenso alegria que anunciamos a VI SAEG, estamos preparando palestras, minicursos e organizando muitos momentos legais para o evento que ocorrer\u00e1 de 7 a 11 de Novembro no Audit\u00f3rio do Campus II. Mais Informa\u00e7\u00f5es no Instragram &#8211; @engeo.ufpel Incri\u00e7\u00f5es: https:\/\/docs.google.com\/forms\/d\/e\/1FAIpQLSdSpjB8ttuWF7RavJ-wkdvQXAR7OtihhBhF2KZG1rJhS7WKpw\/viewform &nbsp;<\/p>\n","protected":false},"author":67,"featured_media":0,"comment_status":"closed","ping_status":"closed","sticky":false,"template":"","format":"standard","meta":{"footnotes":""},"categories":[1],"tags":[],"class_list":["post-10576","post","type-post","status-publish","format-standard","hentry","category-ultimos-posts"],"jetpack_featured_media_url":"","publishpress_future_action":{"enabled":false,"date":"2026-05-06 09:56:32","action":"change-status","newStatus":"draft","terms":[],"taxonomy":"category","extraData":[]},"publishpress_future_workflow_manual_trigger":{"enabledWorkflows":[]},"_links":{"self":[{"href":"https:\/\/wp.ufpel.edu.br\/ceng\/wp-json\/wp\/v2\/posts\/10576","targetHints":{"allow":["GET"]}}],"collection":[{"href":"https:\/\/wp.ufpel.edu.br\/ceng\/wp-json\/wp\/v2\/posts"}],"about":[{"href":"https:\/\/wp.ufpel.edu.br\/ceng\/wp-json\/wp\/v2\/types\/post"}],"author":[{"embeddable":true,"href":"https:\/\/wp.ufpel.edu.br\/ceng\/wp-json\/wp\/v2\/users\/67"}],"replies":[{"embeddable":true,"href":"https:\/\/wp.ufpel.edu.br\/ceng\/wp-json\/wp\/v2\/comments?post=10576"}],"version-history":[{"count":4,"href":"https:\/\/wp.ufpel.edu.br\/ceng\/wp-json\/wp\/v2\/posts\/10576\/revisions"}],"predecessor-version":[{"id":10582,"href":"https:\/\/wp.ufpel.edu.br\/ceng\/wp-json\/wp\/v2\/posts\/10576\/revisions\/10582"}],"wp:attachment":[{"href":"https:\/\/wp.ufpel.edu.br\/ceng\/wp-json\/wp\/v2\/media?parent=10576"}],"wp:term":[{"taxonomy":"category","embeddable":true,"href":"https:\/\/wp.ufpel.edu.br\/ceng\/wp-json\/wp\/v2\/categories?post=10576"},{"taxonomy":"post_tag","embeddable":true,"href":"https:\/\/wp.ufpel.edu.br\/ceng\/wp-json\/wp\/v2\/tags?post=10576"}],"curies":[{"name":"wp","href":"https:\/\/api.w.org\/{rel}","templated":true}]}}