{"id":10539,"date":"2022-10-24T09:44:48","date_gmt":"2022-10-24T12:44:48","guid":{"rendered":"https:\/\/wp.ufpel.edu.br\/ceng\/?p=10539"},"modified":"2022-10-24T09:44:48","modified_gmt":"2022-10-24T12:44:48","slug":"como-elaborar-um-curriculum-vitae","status":"publish","type":"post","link":"https:\/\/wp.ufpel.edu.br\/ceng\/como-elaborar-um-curriculum-vitae\/","title":{"rendered":"COMO ELABORAR UM CURRICULUM VITAE"},"content":{"rendered":"<p>\u00c9 com imenso prazer que a Equipe GeoPPetro Jr. vem \u00e0 toda comunidade acad\u00eamica da UFPel convid\u00e1-los para nossa oficina \u201cComo elaborar um Curriculum Vitae\u201d.<\/p>\n<p>N\u00f3s, como futuros profissionais, e at\u00e9 mesmo futuros empregadores sabemos a import\u00e2ncia de um curr\u00edculo eficiente e objetivo. Pensando nisso, a nossa Equipe, em parceria com os professores Daniela Tisot (Geoprocessamento) e Jos\u00e9 Wilson (Engenharia de Petr\u00f3leo) elaborou uma oficina onde ser\u00e3o comentados os t\u00f3picos que n\u00e3o se usam mais e tamb\u00e9m os que ir\u00e3o fazer com que o contratante veja seu curr\u00edculo com outros olhos, isso junto com muitas dicas importantes.<\/p>\n<p><a href=\"https:\/\/wp.ufpel.edu.br\/ceng\/files\/2022\/10\/WhatsApp-Image-2022-10-24-at-05.55.02.jpeg\"><img class=\"size-medium wp-image-10541 aligncenter\" src=\"https:\/\/wp.ufpel.edu.br\/ceng\/files\/2022\/10\/WhatsApp-Image-2022-10-24-at-05.55.02-400x400.jpeg\" alt=\"\" width=\"400\" height=\"400\" srcset=\"https:\/\/wp.ufpel.edu.br\/ceng\/files\/2022\/10\/WhatsApp-Image-2022-10-24-at-05.55.02-400x400.jpeg 400w, https:\/\/wp.ufpel.edu.br\/ceng\/files\/2022\/10\/WhatsApp-Image-2022-10-24-at-05.55.02-1024x1024.jpeg 1024w, https:\/\/wp.ufpel.edu.br\/ceng\/files\/2022\/10\/WhatsApp-Image-2022-10-24-at-05.55.02-200x200.jpeg 200w, https:\/\/wp.ufpel.edu.br\/ceng\/files\/2022\/10\/WhatsApp-Image-2022-10-24-at-05.55.02-768x768.jpeg 768w, https:\/\/wp.ufpel.edu.br\/ceng\/files\/2022\/10\/WhatsApp-Image-2022-10-24-at-05.55.02.jpeg 1080w\" sizes=\"(max-width: 400px) 100vw, 400px\" \/><\/a><\/p>\n<p>Para participar da Oficina basta preencher o formul\u00e1rio disponibilizado no link abaixo e pagar o valor de R$ 10,00 para ajudar na realiza\u00e7\u00e3o do nosso projeto. O valor pode ser pago via PIX ou dinheiro.<\/p>\n<p>Formul\u00e1rio: https:\/\/docs.google.com\/forms\/d\/e\/1FAIpQLSerOrjMKsdER3LFL3I6191LowH-dp6X-WomDZcKEVs81FGhaA\/viewform?usp=sf_link<\/p>\n<p>PIX: 489.962.794-87\u00a0 (Isis Feltrin Steiner)<\/p>\n<p>A Oficina acontecer\u00e1 no dia 31\/10\/2022 no laborat\u00f3rio 216 da COTADA, com in\u00edcio \u00e0s 18h.<\/p>\n<p>SPOILER: Cada participante ter\u00e1 acesso a um computador durante todo o per\u00edodo da oficina e pasmem, j\u00e1 ir\u00e3o sair de l\u00e1 com seu curr\u00edculo pronto!!!<\/p>\n<p>Ficou imposs\u00edvel de perder essa oportunidade n\u00e9?! Corre l\u00e1 e se inscreve, as vagas s\u00e3o limitadas.<\/p>\n<p>Mais Informa\u00e7\u00f5es na p\u00e1gina do instagram: @geoppetrojr<\/p>\n","protected":false},"excerpt":{"rendered":"<p>\u00c9 com imenso prazer que a Equipe GeoPPetro Jr. vem \u00e0 toda comunidade acad\u00eamica da UFPel convid\u00e1-los para nossa oficina \u201cComo elaborar um Curriculum Vitae\u201d. N\u00f3s, como futuros profissionais, e at\u00e9 mesmo futuros empregadores sabemos a import\u00e2ncia de um curr\u00edculo eficiente e objetivo. Pensando nisso, a nossa Equipe, em parceria com os professores Daniela Tisot [&hellip;]<\/p>\n","protected":false},"author":67,"featured_media":0,"comment_status":"closed","ping_status":"closed","sticky":false,"template":"","format":"standard","meta":{"footnotes":""},"categories":[1],"tags":[],"class_list":["post-10539","post","type-post","status-publish","format-standard","hentry","category-ultimos-posts"],"jetpack_featured_media_url":"","publishpress_future_action":{"enabled":false,"date":"2026-05-06 09:55:22","action":"change-status","newStatus":"draft","terms":[],"taxonomy":"category","extraData":[]},"publishpress_future_workflow_manual_trigger":{"enabledWorkflows":[]},"_links":{"self":[{"href":"https:\/\/wp.ufpel.edu.br\/ceng\/wp-json\/wp\/v2\/posts\/10539","targetHints":{"allow":["GET"]}}],"collection":[{"href":"https:\/\/wp.ufpel.edu.br\/ceng\/wp-json\/wp\/v2\/posts"}],"about":[{"href":"https:\/\/wp.ufpel.edu.br\/ceng\/wp-json\/wp\/v2\/types\/post"}],"author":[{"embeddable":true,"href":"https:\/\/wp.ufpel.edu.br\/ceng\/wp-json\/wp\/v2\/users\/67"}],"replies":[{"embeddable":true,"href":"https:\/\/wp.ufpel.edu.br\/ceng\/wp-json\/wp\/v2\/comments?post=10539"}],"version-history":[{"count":2,"href":"https:\/\/wp.ufpel.edu.br\/ceng\/wp-json\/wp\/v2\/posts\/10539\/revisions"}],"predecessor-version":[{"id":10543,"href":"https:\/\/wp.ufpel.edu.br\/ceng\/wp-json\/wp\/v2\/posts\/10539\/revisions\/10543"}],"wp:attachment":[{"href":"https:\/\/wp.ufpel.edu.br\/ceng\/wp-json\/wp\/v2\/media?parent=10539"}],"wp:term":[{"taxonomy":"category","embeddable":true,"href":"https:\/\/wp.ufpel.edu.br\/ceng\/wp-json\/wp\/v2\/categories?post=10539"},{"taxonomy":"post_tag","embeddable":true,"href":"https:\/\/wp.ufpel.edu.br\/ceng\/wp-json\/wp\/v2\/tags?post=10539"}],"curies":[{"name":"wp","href":"https:\/\/api.w.org\/{rel}","templated":true}]}}