{"id":10078,"date":"2022-06-13T10:00:04","date_gmt":"2022-06-13T13:00:04","guid":{"rendered":"https:\/\/wp.ufpel.edu.br\/ceng\/?p=10078"},"modified":"2022-06-13T10:46:00","modified_gmt":"2022-06-13T13:46:00","slug":"edital-03-2022-representante-docente-e-tecnico-administrativo-no-conselho-do-centro-de-engenharias","status":"publish","type":"post","link":"https:\/\/wp.ufpel.edu.br\/ceng\/edital-03-2022-representante-docente-e-tecnico-administrativo-no-conselho-do-centro-de-engenharias\/","title":{"rendered":"Edital 03\/2022 Representante Docente e T\u00e9cnico Administrativo no Conselho do Centro de Engenharias"},"content":{"rendered":"<p>Esta aberto edital 03\/2022, para Representante Docente e T\u00e9cnico Administrativo no Conselho do Centro de Engenharias,<\/p>\n<p>Ser\u00e3o disponibilizadas no edital:<\/p>\n<p>01 (Um) representante dos\u00a0<strong>docentes<\/strong>\u00a0titular e 01 (um) representante suplente.<\/p>\n<p>03 (tr\u00eas) representantes titulares para\u00a0<strong>t\u00e9cnicos Administrativos\u00a0<\/strong>e 03 (tr\u00eas) representantes suplentes.<\/p>\n<p><strong>datas da inscri\u00e7\u00f5es: 20 at\u00e9 dia 25 de junho<\/strong><\/p>\n<p><strong>Elei\u00e7\u00e3o: dia 30 de junho at\u00e9 dia 01 de julho<\/strong><\/p>\n<p><a href=\"https:\/\/wp.ufpel.edu.br\/ceng\/files\/2022\/06\/SEI_UFPel-1732177-Edital-1.pdf\"> Edital 03\/2022<\/a><\/p>\n<p><a href=\"https:\/\/wp.ufpel.edu.br\/ceng\/files\/2022\/06\/FICHA-DE-INSCRICAO-PARA-REPRESENTACAO-TAES-NO-CONSELHO-DO-CENTRO-DE-ENGENHARIAS.docx\">FICHA DE INSCRI\u00c7\u00c3O PARA REPRESENTA\u00c7\u00c3O TAES NO CONSELHO DO CENTRO DE ENGENHARIAS<\/a><\/p>\n<p><a href=\"https:\/\/wp.ufpel.edu.br\/ceng\/files\/2022\/06\/FICHA-DE-INSCRICAO-PARA-REPRESENTACAO-DOCENTE-NO-CONSELHO-DO-CENTRO-DE-ENGENHARIAS.docx\">FICHA DE INSCRI\u00c7\u00c3O PARA REPRESENTA\u00c7\u00c3O DOCENTE NO CONSELHO DO CENTRO DE ENGENHARIAS<\/a><\/p>\n","protected":false},"excerpt":{"rendered":"<p>Esta aberto edital 03\/2022, para Representante Docente e T\u00e9cnico Administrativo no Conselho do Centro de Engenharias, Ser\u00e3o disponibilizadas no edital: 01 (Um) representante dos\u00a0docentes\u00a0titular e 01 (um) representante suplente. 03 (tr\u00eas) representantes titulares para\u00a0t\u00e9cnicos Administrativos\u00a0e 03 (tr\u00eas) representantes suplentes. datas da inscri\u00e7\u00f5es: 20 at\u00e9 dia 25 de junho Elei\u00e7\u00e3o: dia 30 de junho at\u00e9 dia [&hellip;]<\/p>\n","protected":false},"author":67,"featured_media":0,"comment_status":"closed","ping_status":"closed","sticky":false,"template":"","format":"standard","meta":{"footnotes":""},"categories":[1],"tags":[],"class_list":["post-10078","post","type-post","status-publish","format-standard","hentry","category-ultimos-posts"],"jetpack_featured_media_url":"","publishpress_future_action":{"enabled":false,"date":"2026-05-07 14:05:27","action":"change-status","newStatus":"draft","terms":[],"taxonomy":"category","extraData":[]},"publishpress_future_workflow_manual_trigger":{"enabledWorkflows":[]},"_links":{"self":[{"href":"https:\/\/wp.ufpel.edu.br\/ceng\/wp-json\/wp\/v2\/posts\/10078","targetHints":{"allow":["GET"]}}],"collection":[{"href":"https:\/\/wp.ufpel.edu.br\/ceng\/wp-json\/wp\/v2\/posts"}],"about":[{"href":"https:\/\/wp.ufpel.edu.br\/ceng\/wp-json\/wp\/v2\/types\/post"}],"author":[{"embeddable":true,"href":"https:\/\/wp.ufpel.edu.br\/ceng\/wp-json\/wp\/v2\/users\/67"}],"replies":[{"embeddable":true,"href":"https:\/\/wp.ufpel.edu.br\/ceng\/wp-json\/wp\/v2\/comments?post=10078"}],"version-history":[{"count":3,"href":"https:\/\/wp.ufpel.edu.br\/ceng\/wp-json\/wp\/v2\/posts\/10078\/revisions"}],"predecessor-version":[{"id":10086,"href":"https:\/\/wp.ufpel.edu.br\/ceng\/wp-json\/wp\/v2\/posts\/10078\/revisions\/10086"}],"wp:attachment":[{"href":"https:\/\/wp.ufpel.edu.br\/ceng\/wp-json\/wp\/v2\/media?parent=10078"}],"wp:term":[{"taxonomy":"category","embeddable":true,"href":"https:\/\/wp.ufpel.edu.br\/ceng\/wp-json\/wp\/v2\/categories?post=10078"},{"taxonomy":"post_tag","embeddable":true,"href":"https:\/\/wp.ufpel.edu.br\/ceng\/wp-json\/wp\/v2\/tags?post=10078"}],"curies":[{"name":"wp","href":"https:\/\/api.w.org\/{rel}","templated":true}]}}