{"id":1241,"date":"2020-07-20T10:25:38","date_gmt":"2020-07-20T13:25:38","guid":{"rendered":"https:\/\/wp.ufpel.edu.br\/ceherb\/?p=1241"},"modified":"2021-08-19T13:04:56","modified_gmt":"2021-08-19T16:04:56","slug":"faculdade-de-agronomia-eliseu-maciel-oferece-serie-de-webinares-cenarios-e-perspectivas-da-agricultura-mundial-e-brasileira","status":"publish","type":"post","link":"https:\/\/wp.ufpel.edu.br\/ceherb\/2020\/07\/20\/faculdade-de-agronomia-eliseu-maciel-oferece-serie-de-webinares-cenarios-e-perspectivas-da-agricultura-mundial-e-brasileira\/","title":{"rendered":"Faculdade de Agronomia Eliseu Maciel oferece s\u00e9rie de webinares &#8220;Cen\u00e1rios e Perspectivas da Agricultura Mundial e Brasileira&#8221;"},"content":{"rendered":"<p>A Faculdade de Agronomia Eliseu Maciel (FAEM) da Universidade Federal de Pelotas prop\u00f4s uma s\u00e9rie de webinares semanais com a tem\u00e1tica da Agricultura em diversos pa\u00edses e regi\u00f5es brasileiras, possibilitando que haja um debate entre alunos de gradua\u00e7\u00e3o, p\u00f3s-gradua\u00e7\u00e3o, professores e profissionais.<\/p>\n<p>Dentre os locais selecionados, \u00e9 poss\u00edvel encontrar Reino Unido, Estados Unidos, Paraguai, Matopiba, \u00c1sia, Mato Grosso, Goi\u00e1s, entre outros. Segue a programa\u00e7\u00e3o:<\/p>\n<table style=\"width: 324px\" width=\"492\">\n<tbody>\n<tr>\n<td style=\"text-align: center;width: 113px\" width=\"143\">07\/Julho<\/td>\n<td style=\"width: 242px\" width=\"349\">Agricultura no Reino Unido<\/td>\n<\/tr>\n<tr>\n<td style=\"text-align: center;width: 113px\">14\/Julho<\/td>\n<td style=\"width: 242px\">Agricultura nos Estados Unidos<\/td>\n<\/tr>\n<tr>\n<td style=\"text-align: center;width: 113px\">21\/Julho<\/td>\n<td style=\"width: 242px\">Agricultura no Paraguai<\/td>\n<\/tr>\n<tr>\n<td style=\"text-align: center;width: 113px\">28\/Julho<\/td>\n<td style=\"width: 242px\">Agricultura na \u00c1frica<\/td>\n<\/tr>\n<tr>\n<td style=\"text-align: center;width: 113px\">04\/Agosto<\/td>\n<td style=\"width: 242px\">Agricultura na \u00c1sia<\/td>\n<\/tr>\n<tr>\n<td style=\"text-align: center;width: 113px\">11\/Agosto<\/td>\n<td style=\"width: 242px\">Agricultura no Matopiba<\/td>\n<\/tr>\n<tr>\n<td style=\"text-align: center;width: 113px\">18\/Agosto<\/td>\n<td style=\"width: 242px\">Agricultura no Mato Grosso<\/td>\n<\/tr>\n<tr>\n<td style=\"text-align: center;width: 113px\">25\/Agosto<\/td>\n<td style=\"width: 242px\">Agricultura no Sul de Goias<\/td>\n<\/tr>\n<tr>\n<td style=\"text-align: center;width: 113px\">01\/Setembro<\/td>\n<td style=\"width: 242px\">Agricultura na Amaz\u00f4nia<\/td>\n<\/tr>\n<\/tbody>\n<\/table>\n<p>Estes webinares est\u00e3o acontecendo \u00e0s ter\u00e7as-feiras, 8h30, atrav\u00e9s da plataforma Zoom. Inscreva-se <a href=\"https:\/\/us02web.zoom.us\/meeting\/register\/tZAtf-qoqzkqGtBQB20xewJ7xvth7CUtuF5j\" target=\"_blank\" rel=\"noopener noreferrer\">aqui<\/a> e garanta sua presen\u00e7a!<\/p>\n","protected":false},"excerpt":{"rendered":"<p>A Faculdade de Agronomia Eliseu Maciel (FAEM) da Universidade Federal de Pelotas prop\u00f4s uma s\u00e9rie de webinares semanais com a tem\u00e1tica da Agricultura em diversos pa\u00edses e regi\u00f5es brasileiras, possibilitando que haja um debate entre alunos de gradua\u00e7\u00e3o, p\u00f3s-gradua\u00e7\u00e3o, professores e profissionais. Dentre os locais selecionados, \u00e9 poss\u00edvel encontrar Reino Unido, Estados Unidos, Paraguai, Matopiba, [&hellip;]<\/p>\n","protected":false},"author":994,"featured_media":1243,"comment_status":"closed","ping_status":"closed","sticky":false,"template":"","format":"standard","meta":{"_jetpack_memberships_contains_paid_content":false,"footnotes":"","jetpack_publicize_message":"","jetpack_publicize_feature_enabled":true,"jetpack_social_post_already_shared":false,"jetpack_social_options":{"image_generator_settings":{"template":"highway","default_image_id":0,"font":"","enabled":false},"version":2}},"categories":[1],"tags":[],"class_list":{"0":"post-1241","1":"post","2":"type-post","3":"status-publish","4":"format-standard","5":"has-post-thumbnail","6":"hentry","7":"category-noticias","9":"post-with-thumbnail","10":"post-with-thumbnail-large"},"jetpack_publicize_connections":[],"jetpack_featured_media_url":"https:\/\/wp.ufpel.edu.br\/ceherb\/files\/2020\/07\/WhatsApp-Image-2020-06-30-at-23.33.51.jpeg","jetpack_sharing_enabled":true,"jetpack_likes_enabled":true,"_links":{"self":[{"href":"https:\/\/wp.ufpel.edu.br\/ceherb\/wp-json\/wp\/v2\/posts\/1241","targetHints":{"allow":["GET"]}}],"collection":[{"href":"https:\/\/wp.ufpel.edu.br\/ceherb\/wp-json\/wp\/v2\/posts"}],"about":[{"href":"https:\/\/wp.ufpel.edu.br\/ceherb\/wp-json\/wp\/v2\/types\/post"}],"author":[{"embeddable":true,"href":"https:\/\/wp.ufpel.edu.br\/ceherb\/wp-json\/wp\/v2\/users\/994"}],"replies":[{"embeddable":true,"href":"https:\/\/wp.ufpel.edu.br\/ceherb\/wp-json\/wp\/v2\/comments?post=1241"}],"version-history":[{"count":5,"href":"https:\/\/wp.ufpel.edu.br\/ceherb\/wp-json\/wp\/v2\/posts\/1241\/revisions"}],"predecessor-version":[{"id":1452,"href":"https:\/\/wp.ufpel.edu.br\/ceherb\/wp-json\/wp\/v2\/posts\/1241\/revisions\/1452"}],"wp:featuredmedia":[{"embeddable":true,"href":"https:\/\/wp.ufpel.edu.br\/ceherb\/wp-json\/wp\/v2\/media\/1243"}],"wp:attachment":[{"href":"https:\/\/wp.ufpel.edu.br\/ceherb\/wp-json\/wp\/v2\/media?parent=1241"}],"wp:term":[{"taxonomy":"category","embeddable":true,"href":"https:\/\/wp.ufpel.edu.br\/ceherb\/wp-json\/wp\/v2\/categories?post=1241"},{"taxonomy":"post_tag","embeddable":true,"href":"https:\/\/wp.ufpel.edu.br\/ceherb\/wp-json\/wp\/v2\/tags?post=1241"}],"curies":[{"name":"wp","href":"https:\/\/api.w.org\/{rel}","templated":true}]}}