{"id":793,"date":"2019-08-14T13:28:31","date_gmt":"2019-08-14T16:28:31","guid":{"rendered":"https:\/\/wp.ufpel.edu.br\/ceg\/?p=793"},"modified":"2019-08-27T09:35:00","modified_gmt":"2019-08-27T12:35:00","slug":"informacoes-sobre-isencoes-para-apresentadores-de-trabalho-do-v-ceg","status":"publish","type":"post","link":"https:\/\/wp.ufpel.edu.br\/ceg\/2019\/08\/14\/informacoes-sobre-isencoes-para-apresentadores-de-trabalho-do-v-ceg\/","title":{"rendered":"Informa\u00e7\u00f5es sobre Isen\u00e7\u00f5es para Apresentadores de Trabalho do V CEG"},"content":{"rendered":"<p style=\"text-align: justify\">O Comit\u00ea Executivo do V Congresso de Ensino de Gradua\u00e7\u00e3o (CEG) informa o procedimento para solicita\u00e7\u00e3o de isen\u00e7\u00e3o da inscri\u00e7\u00e3o na 5\u00aa SIIEPE, exclusivamente\u00a0 para<strong>\u00a0alunos bolsistas de um ou mais benef\u00edcios da PRAE<\/strong>,\u00a0na modalidade <strong>apresentador de trabalho<\/strong>:<\/p>\n<p style=\"text-align: justify\">O aluno dever\u00e1 efetuar sua inscri\u00e7\u00e3o no CEG e na tela de confirma\u00e7\u00e3o j\u00e1 estar\u00e1 inscrito no evento, n\u00e3o necessitando clicar em &#8220;Prosseguir para o site de pagamento&#8221;. Logo, dever\u00e1 conferir os dados, salvar a p\u00e1gina e enviar por e-mail para &lt;<strong>ceg.ufpel@gmail.com<\/strong>&gt;\u00a0 \u00a0<strong>at\u00e9 o dia 17 de setembro de 2019\u00a0<\/strong>para solicitar a sua isen\u00e7\u00e3o.<\/p>\n<p style=\"text-align: justify\">Na tela de confirma\u00e7\u00e3o dos dados referente \u00e0 inscri\u00e7\u00e3o, h\u00e1 a seguinte mensagem ratificando a informa\u00e7\u00e3o acima:<\/p>\n<p style=\"text-align: justify\"><em>&#8220;Estudantes qualificados \u00e0 isen\u00e7\u00e3o devem apresentar esta p\u00e1gina na Pr\u00f3-Reitoria correspondente ao evento da inscri\u00e7\u00e3o principal. N\u00e3o \u00e9 necess\u00e1rio gerar o boleto no site de pagamento.&#8221;<\/em><\/p>\n<p style=\"text-align: justify\">Esclarecemos que ouvintes n\u00e3o tem direito \u00e0 isen\u00e7\u00e3o e que a isen\u00e7\u00e3o deve ser solicitada junto ao evento que gerou a 1\u00aa inscri\u00e7\u00e3o na SIIEPE. As inscri\u00e7\u00f5es vinculadas ficar\u00e3o tamb\u00e9m isentas automaticamente.<\/p>\n","protected":false},"excerpt":{"rendered":"<p>O Comit\u00ea Executivo do V Congresso de Ensino de Gradua\u00e7\u00e3o (CEG) informa o procedimento para solicita\u00e7\u00e3o de isen\u00e7\u00e3o da inscri\u00e7\u00e3o na 5\u00aa SIIEPE, exclusivamente\u00a0 para\u00a0alunos bolsistas de um ou mais benef\u00edcios da PRAE,\u00a0na modalidade apresentador de trabalho: O aluno dever\u00e1 efetuar sua inscri\u00e7\u00e3o no CEG e na tela de confirma\u00e7\u00e3o j\u00e1 estar\u00e1 inscrito no evento, &hellip; <a href=\"https:\/\/wp.ufpel.edu.br\/ceg\/2019\/08\/14\/informacoes-sobre-isencoes-para-apresentadores-de-trabalho-do-v-ceg\/\" class=\"more-link\">Continue lendo <span class=\"screen-reader-text\">Informa\u00e7\u00f5es sobre Isen\u00e7\u00f5es para Apresentadores de Trabalho do V CEG<\/span> <span class=\"meta-nav\">&rarr;<\/span><\/a><\/p>\n","protected":false},"author":531,"featured_media":0,"comment_status":"closed","ping_status":"closed","sticky":false,"template":"","format":"standard","meta":{"jetpack_post_was_ever_published":false,"_jetpack_newsletter_access":"","_jetpack_dont_email_post_to_subs":false,"_jetpack_newsletter_tier_id":0,"_jetpack_memberships_contains_paywalled_content":false,"_jetpack_memberships_contains_paid_content":false,"footnotes":"","jetpack_publicize_message":"","jetpack_publicize_feature_enabled":true,"jetpack_social_post_already_shared":true,"jetpack_social_options":{"image_generator_settings":{"template":"highway","default_image_id":0,"font":"","enabled":false},"version":2},"_links_to":"","_links_to_target":""},"categories":[8],"tags":[],"class_list":["post-793","post","type-post","status-publish","format-standard","hentry","category-8"],"jetpack_publicize_connections":[],"jetpack_featured_media_url":"","jetpack_sharing_enabled":true,"_links":{"self":[{"href":"https:\/\/wp.ufpel.edu.br\/ceg\/wp-json\/wp\/v2\/posts\/793","targetHints":{"allow":["GET"]}}],"collection":[{"href":"https:\/\/wp.ufpel.edu.br\/ceg\/wp-json\/wp\/v2\/posts"}],"about":[{"href":"https:\/\/wp.ufpel.edu.br\/ceg\/wp-json\/wp\/v2\/types\/post"}],"author":[{"embeddable":true,"href":"https:\/\/wp.ufpel.edu.br\/ceg\/wp-json\/wp\/v2\/users\/531"}],"replies":[{"embeddable":true,"href":"https:\/\/wp.ufpel.edu.br\/ceg\/wp-json\/wp\/v2\/comments?post=793"}],"version-history":[{"count":14,"href":"https:\/\/wp.ufpel.edu.br\/ceg\/wp-json\/wp\/v2\/posts\/793\/revisions"}],"predecessor-version":[{"id":809,"href":"https:\/\/wp.ufpel.edu.br\/ceg\/wp-json\/wp\/v2\/posts\/793\/revisions\/809"}],"wp:attachment":[{"href":"https:\/\/wp.ufpel.edu.br\/ceg\/wp-json\/wp\/v2\/media?parent=793"}],"wp:term":[{"taxonomy":"category","embeddable":true,"href":"https:\/\/wp.ufpel.edu.br\/ceg\/wp-json\/wp\/v2\/categories?post=793"},{"taxonomy":"post_tag","embeddable":true,"href":"https:\/\/wp.ufpel.edu.br\/ceg\/wp-json\/wp\/v2\/tags?post=793"}],"curies":[{"name":"wp","href":"https:\/\/api.w.org\/{rel}","templated":true}]}}