{"id":153,"date":"2015-09-15T15:58:34","date_gmt":"2015-09-15T18:58:34","guid":{"rendered":"https:\/\/wp.ufpel.edu.br\/ceg\/?p=153"},"modified":"2016-06-20T11:50:43","modified_gmt":"2016-06-20T14:50:43","slug":"divulgado-o-cronograma-de-trabalho-dos-avaliadores-do-ceg-2015","status":"publish","type":"post","link":"https:\/\/wp.ufpel.edu.br\/ceg\/2015\/09\/15\/divulgado-o-cronograma-de-trabalho-dos-avaliadores-do-ceg-2015\/","title":{"rendered":"Divulgado o Cronograma de Trabalho dos Avaliadores do CEG 2015 (retificado em 17\/09)"},"content":{"rendered":"<p>Abaixo encontra-se o cronograma de trabalho dos avaliadores\u00a0do Congresso de Ensino de Gradua\u00e7\u00e3o (CEG) 2015,\u00a0organizado por grandes \u00e1reas do conhecimento:<\/p>\n<p><a href=\"https:\/\/wp.ufpel.edu.br\/ceg\/files\/2015\/09\/Avaliadores-CEG-Agr\u00e1rias2.pdf\">Avaliadores &#8211; Ci\u00eancias Agr\u00e1rias<\/a><\/p>\n<p><a href=\"https:\/\/wp.ufpel.edu.br\/ceg\/files\/2015\/09\/Avaliadores-CEG-Biol\u00f3gicas2.pdf\">Avaliadores &#8211; Ci\u00eancias Biol\u00f3gicas<\/a><\/p>\n<p><a href=\"https:\/\/wp.ufpel.edu.br\/ceg\/files\/2015\/09\/Avaliadores-CEG-Sa\u00fade6.pdf\">Avaliadores &#8211; Ci\u00eancias da Sa\u00fade<\/a><\/p>\n<p><a href=\"https:\/\/wp.ufpel.edu.br\/ceg\/files\/2015\/09\/Avaliadores-CEG-Exatas2.pdf\">Avaliadores &#8211; Ci\u00eancias Exatas e da Terra<\/a><\/p>\n<p><a href=\"https:\/\/wp.ufpel.edu.br\/ceg\/files\/2015\/09\/Avaliadores-CEG-Humanas3.pdf\">Avaliadores &#8211; Ci\u00eancias Humanas<\/a><\/p>\n<p><a href=\"https:\/\/wp.ufpel.edu.br\/ceg\/files\/2015\/09\/Avaliadores-CEG-Sociais-Aplicadas6.pdf\">Avaliadores &#8211; Ci\u00eancias Sociais\u00a0Aplicadas<\/a><\/p>\n<p><a href=\"https:\/\/wp.ufpel.edu.br\/ceg\/files\/2015\/09\/Avaliadores-CEG-Engenharias1.pdf\">Avaliadores &#8211; Engenharias<\/a><\/p>\n<p><a href=\"https:\/\/wp.ufpel.edu.br\/ceg\/files\/2015\/09\/Avaliadores-CEG-Lingu\u00edstica-Letras-e-Artes3.pdf\">Avaliadores &#8211; Lingu\u00edstica, Letras e Artes<\/a><\/p>\n<p><a href=\"https:\/\/wp.ufpel.edu.br\/ceg\/files\/2015\/09\/Avaliadores-CEG-Multidisciplinar3.pdf\">Avaliadores &#8211; Multidisciplinar<\/a><\/p>\n<p>Todas as apresenta\u00e7\u00f5es se realizar\u00e3o no Campus Porto (Anglo), nas salas 110, 111, 112, 113, 114, 115 e 120 do Centro de Letras e Comunica\u00e7\u00e3o (CLC) e na sala 250 da Faculdade de Nutri\u00e7\u00e3o (FN).<\/p>\n<p>Salientamos que o cronograma das avalia\u00e7\u00f5es foi elaborado considerando o n\u00famero de trabalhos inscritos por grande \u00e1rea do conhecimento e a disponibilidade de hor\u00e1rios dos avaliadores.<\/p>\n","protected":false},"excerpt":{"rendered":"<p>Abaixo encontra-se o cronograma de trabalho dos avaliadores\u00a0do Congresso de Ensino de Gradua\u00e7\u00e3o (CEG) 2015,\u00a0organizado por grandes \u00e1reas do conhecimento: Avaliadores &#8211; Ci\u00eancias Agr\u00e1rias Avaliadores &#8211; Ci\u00eancias Biol\u00f3gicas Avaliadores &#8211; Ci\u00eancias da Sa\u00fade Avaliadores &#8211; Ci\u00eancias Exatas e da Terra Avaliadores &#8211; Ci\u00eancias Humanas Avaliadores &#8211; Ci\u00eancias Sociais\u00a0Aplicadas Avaliadores &#8211; Engenharias Avaliadores &#8211; Lingu\u00edstica, Letras &hellip; <a href=\"https:\/\/wp.ufpel.edu.br\/ceg\/2015\/09\/15\/divulgado-o-cronograma-de-trabalho-dos-avaliadores-do-ceg-2015\/\" class=\"more-link\">Continue lendo <span class=\"screen-reader-text\">Divulgado o Cronograma de Trabalho dos Avaliadores do CEG 2015 (retificado em 17\/09)<\/span> <span class=\"meta-nav\">&rarr;<\/span><\/a><\/p>\n","protected":false},"author":531,"featured_media":0,"comment_status":"closed","ping_status":"closed","sticky":false,"template":"","format":"standard","meta":{"jetpack_post_was_ever_published":false,"_jetpack_newsletter_access":"","_jetpack_dont_email_post_to_subs":false,"_jetpack_newsletter_tier_id":0,"_jetpack_memberships_contains_paywalled_content":false,"_jetpack_memberships_contains_paid_content":false,"footnotes":"","jetpack_publicize_message":"","jetpack_publicize_feature_enabled":true,"jetpack_social_post_already_shared":true,"jetpack_social_options":{"image_generator_settings":{"template":"highway","default_image_id":0,"font":"","enabled":false},"version":2},"_links_to":"","_links_to_target":""},"categories":[3,1],"tags":[],"class_list":["post-153","post","type-post","status-publish","format-standard","hentry","category-3","category-noticias"],"jetpack_publicize_connections":[],"jetpack_featured_media_url":"","jetpack_sharing_enabled":true,"_links":{"self":[{"href":"https:\/\/wp.ufpel.edu.br\/ceg\/wp-json\/wp\/v2\/posts\/153","targetHints":{"allow":["GET"]}}],"collection":[{"href":"https:\/\/wp.ufpel.edu.br\/ceg\/wp-json\/wp\/v2\/posts"}],"about":[{"href":"https:\/\/wp.ufpel.edu.br\/ceg\/wp-json\/wp\/v2\/types\/post"}],"author":[{"embeddable":true,"href":"https:\/\/wp.ufpel.edu.br\/ceg\/wp-json\/wp\/v2\/users\/531"}],"replies":[{"embeddable":true,"href":"https:\/\/wp.ufpel.edu.br\/ceg\/wp-json\/wp\/v2\/comments?post=153"}],"version-history":[{"count":18,"href":"https:\/\/wp.ufpel.edu.br\/ceg\/wp-json\/wp\/v2\/posts\/153\/revisions"}],"predecessor-version":[{"id":166,"href":"https:\/\/wp.ufpel.edu.br\/ceg\/wp-json\/wp\/v2\/posts\/153\/revisions\/166"}],"wp:attachment":[{"href":"https:\/\/wp.ufpel.edu.br\/ceg\/wp-json\/wp\/v2\/media?parent=153"}],"wp:term":[{"taxonomy":"category","embeddable":true,"href":"https:\/\/wp.ufpel.edu.br\/ceg\/wp-json\/wp\/v2\/categories?post=153"},{"taxonomy":"post_tag","embeddable":true,"href":"https:\/\/wp.ufpel.edu.br\/ceg\/wp-json\/wp\/v2\/tags?post=153"}],"curies":[{"name":"wp","href":"https:\/\/api.w.org\/{rel}","templated":true}]}}