{"id":1673,"date":"2020-02-28T11:36:57","date_gmt":"2020-02-28T14:36:57","guid":{"rendered":"https:\/\/wp.ufpel.edu.br\/cee\/?p=1673"},"modified":"2020-02-28T11:37:14","modified_gmt":"2020-02-28T14:37:14","slug":"ordem-da-correcao-de-matricula-2020-1","status":"publish","type":"post","link":"https:\/\/wp.ufpel.edu.br\/cee\/2020\/02\/28\/ordem-da-correcao-de-matricula-2020-1\/","title":{"rendered":"Ordem da corre\u00e7\u00e3o de matr\u00edcula 2020\/1"},"content":{"rendered":"<p>Hor\u00e1rio de atendimento &#8211; 08 horas \u00e0s 12 horas com disponibiliza\u00e7\u00e3o de fichas at\u00e9 11:30<\/p>\n<p>ATEN\u00c7\u00c3O! Houve altera\u00e7\u00f5es nos procedimentos de corre\u00e7\u00e3o de matr\u00edcula, ser\u00e1 disponibilizada ainda hoje (28\/02\/20) as instru\u00e7\u00f5es no site <a href=\"https:\/\/wp.ufpel.edu.br\/ceng\/\">https:\/\/wp.ufpel.edu.br\/ceng\/<\/a><\/p>\n<p><a href=\"https:\/\/wp.ufpel.edu.br\/cee\/files\/2020\/02\/Ordem-de-Corre\u00e7\u00e3o-de-matr\u00edcula-2020-EE.pdf\">Ordem de Corre\u00e7\u00e3o de matr\u00edcula 2020 EE<\/a><\/p>\n<p>&nbsp;<\/p>\n<p>&nbsp;<\/p>\n","protected":false},"excerpt":{"rendered":"<p>Hor\u00e1rio de atendimento &#8211; 08 horas \u00e0s 12 horas com disponibiliza\u00e7\u00e3o de fichas at\u00e9 11:30 ATEN\u00c7\u00c3O! Houve altera\u00e7\u00f5es nos procedimentos de corre\u00e7\u00e3o de matr\u00edcula, ser\u00e1 disponibilizada ainda hoje (28\/02\/20) as instru\u00e7\u00f5es no site https:\/\/wp.ufpel.edu.br\/ceng\/ Ordem de Corre\u00e7\u00e3o de matr\u00edcula 2020 EE &nbsp; &nbsp;<\/p>\n","protected":false},"author":69,"featured_media":0,"comment_status":"closed","ping_status":"closed","sticky":false,"template":"","format":"standard","meta":{"footnotes":""},"categories":[4],"tags":[],"class_list":["post-1673","post","type-post","status-publish","format-standard","hentry","category-noticias"],"jetpack_featured_media_url":"","_links":{"self":[{"href":"https:\/\/wp.ufpel.edu.br\/cee\/wp-json\/wp\/v2\/posts\/1673","targetHints":{"allow":["GET"]}}],"collection":[{"href":"https:\/\/wp.ufpel.edu.br\/cee\/wp-json\/wp\/v2\/posts"}],"about":[{"href":"https:\/\/wp.ufpel.edu.br\/cee\/wp-json\/wp\/v2\/types\/post"}],"author":[{"embeddable":true,"href":"https:\/\/wp.ufpel.edu.br\/cee\/wp-json\/wp\/v2\/users\/69"}],"replies":[{"embeddable":true,"href":"https:\/\/wp.ufpel.edu.br\/cee\/wp-json\/wp\/v2\/comments?post=1673"}],"version-history":[{"count":1,"href":"https:\/\/wp.ufpel.edu.br\/cee\/wp-json\/wp\/v2\/posts\/1673\/revisions"}],"predecessor-version":[{"id":1676,"href":"https:\/\/wp.ufpel.edu.br\/cee\/wp-json\/wp\/v2\/posts\/1673\/revisions\/1676"}],"wp:attachment":[{"href":"https:\/\/wp.ufpel.edu.br\/cee\/wp-json\/wp\/v2\/media?parent=1673"}],"wp:term":[{"taxonomy":"category","embeddable":true,"href":"https:\/\/wp.ufpel.edu.br\/cee\/wp-json\/wp\/v2\/categories?post=1673"},{"taxonomy":"post_tag","embeddable":true,"href":"https:\/\/wp.ufpel.edu.br\/cee\/wp-json\/wp\/v2\/tags?post=1673"}],"curies":[{"name":"wp","href":"https:\/\/api.w.org\/{rel}","templated":true}]}}