{"id":1660,"date":"2019-06-25T14:34:16","date_gmt":"2019-06-25T17:34:16","guid":{"rendered":"https:\/\/wp.ufpel.edu.br\/cee\/?p=1660"},"modified":"2019-06-25T14:34:24","modified_gmt":"2019-06-25T17:34:24","slug":"resultado-da-eleicao-para-membros-do-colegiado","status":"publish","type":"post","link":"https:\/\/wp.ufpel.edu.br\/cee\/2019\/06\/25\/resultado-da-eleicao-para-membros-do-colegiado\/","title":{"rendered":"Resultado da elei\u00e7\u00e3o para membros do Colegiado"},"content":{"rendered":"<p>A Comiss\u00e3o Eleitoral torna p\u00fablico o resultado da elei\u00e7\u00e3o para membros do colegiado<\/p>\n<p><a href=\"https:\/\/wp.ufpel.edu.br\/cee\/files\/2019\/06\/Resultado-Elei\u00e7\u00e3o.pdf\">Resultado Elei\u00e7\u00e3o<\/a><\/p>\n","protected":false},"excerpt":{"rendered":"<p>A Comiss\u00e3o Eleitoral torna p\u00fablico o resultado da elei\u00e7\u00e3o para membros do colegiado Resultado Elei\u00e7\u00e3o<\/p>\n","protected":false},"author":69,"featured_media":0,"comment_status":"closed","ping_status":"closed","sticky":false,"template":"","format":"standard","meta":{"footnotes":""},"categories":[4],"tags":[],"class_list":["post-1660","post","type-post","status-publish","format-standard","hentry","category-noticias"],"jetpack_featured_media_url":"","_links":{"self":[{"href":"https:\/\/wp.ufpel.edu.br\/cee\/wp-json\/wp\/v2\/posts\/1660","targetHints":{"allow":["GET"]}}],"collection":[{"href":"https:\/\/wp.ufpel.edu.br\/cee\/wp-json\/wp\/v2\/posts"}],"about":[{"href":"https:\/\/wp.ufpel.edu.br\/cee\/wp-json\/wp\/v2\/types\/post"}],"author":[{"embeddable":true,"href":"https:\/\/wp.ufpel.edu.br\/cee\/wp-json\/wp\/v2\/users\/69"}],"replies":[{"embeddable":true,"href":"https:\/\/wp.ufpel.edu.br\/cee\/wp-json\/wp\/v2\/comments?post=1660"}],"version-history":[{"count":1,"href":"https:\/\/wp.ufpel.edu.br\/cee\/wp-json\/wp\/v2\/posts\/1660\/revisions"}],"predecessor-version":[{"id":1663,"href":"https:\/\/wp.ufpel.edu.br\/cee\/wp-json\/wp\/v2\/posts\/1660\/revisions\/1663"}],"wp:attachment":[{"href":"https:\/\/wp.ufpel.edu.br\/cee\/wp-json\/wp\/v2\/media?parent=1660"}],"wp:term":[{"taxonomy":"category","embeddable":true,"href":"https:\/\/wp.ufpel.edu.br\/cee\/wp-json\/wp\/v2\/categories?post=1660"},{"taxonomy":"post_tag","embeddable":true,"href":"https:\/\/wp.ufpel.edu.br\/cee\/wp-json\/wp\/v2\/tags?post=1660"}],"curies":[{"name":"wp","href":"https:\/\/api.w.org\/{rel}","templated":true}]}}