{"id":1879,"date":"2025-09-18T16:11:23","date_gmt":"2025-09-18T19:11:23","guid":{"rendered":"https:\/\/wp.ufpel.edu.br\/cedepem\/?p=1879"},"modified":"2025-09-18T16:11:23","modified_gmt":"2025-09-18T19:11:23","slug":"lancamento-do-livro-governanca-oceanica-e-planejamento-espacial-marinho-uma-perspectiva-historica","status":"publish","type":"post","link":"https:\/\/wp.ufpel.edu.br\/cedepem\/2025\/09\/18\/lancamento-do-livro-governanca-oceanica-e-planejamento-espacial-marinho-uma-perspectiva-historica\/","title":{"rendered":"LAN\u00c7AMENTO DO LIVRO  GOVERNAN\u00c7A OCE\u00c2NICA E PLANEJAMENTO ESPACIAL MARINHO: UMA PERSPECTIVA HIST\u00d3RICA"},"content":{"rendered":"<p style=\"text-align: center;\"><a href=\"https:\/\/wp.ufpel.edu.br\/cedepem\/files\/2025\/09\/cover_UFAWRI7F2.png\"><img loading=\"lazy\" decoding=\"async\" class=\"alignnone size-full wp-image-1877\" src=\"https:\/\/wp.ufpel.edu.br\/cedepem\/files\/2025\/09\/cover_UFAWRI7F2.png\" alt=\"\" width=\"203\" height=\"300\" srcset=\"https:\/\/wp.ufpel.edu.br\/cedepem\/files\/2025\/09\/cover_UFAWRI7F2.png 203w, https:\/\/wp.ufpel.edu.br\/cedepem\/files\/2025\/09\/cover_UFAWRI7F2-135x200.png 135w\" sizes=\"auto, (max-width: 203px) 100vw, 203px\" \/><\/a><\/p>\n<p style=\"text-align: justify;\">\u00c9 com grande satisfa\u00e7\u00e3o que anunciamos o lan\u00e7amento do livro \u201cGovernan\u00e7a Oce\u00e2nica e Planejamento Espacial Marinho: Uma Perspectiva Hist\u00f3rica\u201d, de autoria da Prof.\u00aa Etiene Villela Marroni, publicado pela Editora da UFPel. A obra oferece uma an\u00e1lise hist\u00f3rica sobre a governan\u00e7a dos oceanos e o planejamento espacial marinho, com foco no contexto brasileiro e internacional. \u00c9 tra\u00e7ado um panorama desde as primeiras delimita\u00e7\u00f5es mar\u00edtimas at\u00e9 os complexos acordos diplom\u00e1ticos contempor\u00e2neos, destacando o papel do Brasil como ator estrat\u00e9gico na expans\u00e3o e gest\u00e3o de seus espa\u00e7os marinhos.<br \/>\nO livro aborda temas como:<br \/>\n\u2013 A evolu\u00e7\u00e3o hist\u00f3rica da delimita\u00e7\u00e3o dos espa\u00e7os marinhos;<br \/>\n\u2013 Geopol\u00edtica e geoeconomia dos oceanos;<br \/>\n\u2013 A Conven\u00e7\u00e3o das Na\u00e7\u00f5es Unidas sobre o Direito do Mar (CNUDM);<br \/>\n\u2013 O papel do Brasil na governan\u00e7a oce\u00e2nica global;<br \/>\n\u2013 Planejamento Espacial Marinho (PEM) como pol\u00edtica p\u00fablica.<br \/>\nIdeal para: pesquisadores, estudantes, profissionais de ci\u00eancia pol\u00edtica, rela\u00e7\u00f5es internacionais, direito, geografia, oceanografia, gest\u00e3o ambiental e todos interessados na tem\u00e1tica mar\u00edtima e na sustentabilidade dos oceanos.<br \/>\nDispon\u00edvel em formato digital (PDF) com acesso gratuito atrav\u00e9s do sistema de bibliotecas da UFPel.<br \/>\nSaiba mais e acesse a obra:<br \/>\n<a href=\"http:\/\/guaiaca.ufpel.edu.br\/xmlui\/handle\/prefix\/17479\">http:\/\/guaiaca.ufpel.edu.br\/xmlui\/handle\/prefix\/17479<\/a><br \/>\nPref\u00e1cio por: Juan Luiz Su\u00e1rez de Vivero, refer\u00eancia internacional em planejamento espacial marinho.<\/p>\n","protected":false},"excerpt":{"rendered":"<p>\u00c9 com grande satisfa\u00e7\u00e3o que anunciamos o lan\u00e7amento do livro \u201cGovernan\u00e7a Oce\u00e2nica e Planejamento Espacial Marinho: Uma Perspectiva Hist\u00f3rica\u201d, de autoria da Prof.\u00aa Etiene Villela Marroni, publicado&hellip; <span class=\"read-more\"><a class=\"more-link\" href=\"https:\/\/wp.ufpel.edu.br\/cedepem\/2025\/09\/18\/lancamento-do-livro-governanca-oceanica-e-planejamento-espacial-marinho-uma-perspectiva-historica\/\" rel=\"bookmark\">Leia Mais <span class=\"screen-reader-text\">&#8220;LAN\u00c7AMENTO DO LIVRO  GOVERNAN\u00c7A OCE\u00c2NICA E PLANEJAMENTO ESPACIAL MARINHO: UMA PERSPECTIVA HIST\u00d3RICA&#8221;<\/span><\/a><\/span><\/p>\n","protected":false},"author":1128,"featured_media":0,"comment_status":"closed","ping_status":"closed","sticky":false,"template":"","format":"standard","meta":{"footnotes":""},"categories":[44],"tags":[],"class_list":["post-1879","post","type-post","status-publish","format-standard","hentry","category-sem-categoria-pt"],"jetpack_featured_media_url":"","_links":{"self":[{"href":"https:\/\/wp.ufpel.edu.br\/cedepem\/wp-json\/wp\/v2\/posts\/1879","targetHints":{"allow":["GET"]}}],"collection":[{"href":"https:\/\/wp.ufpel.edu.br\/cedepem\/wp-json\/wp\/v2\/posts"}],"about":[{"href":"https:\/\/wp.ufpel.edu.br\/cedepem\/wp-json\/wp\/v2\/types\/post"}],"author":[{"embeddable":true,"href":"https:\/\/wp.ufpel.edu.br\/cedepem\/wp-json\/wp\/v2\/users\/1128"}],"replies":[{"embeddable":true,"href":"https:\/\/wp.ufpel.edu.br\/cedepem\/wp-json\/wp\/v2\/comments?post=1879"}],"version-history":[{"count":1,"href":"https:\/\/wp.ufpel.edu.br\/cedepem\/wp-json\/wp\/v2\/posts\/1879\/revisions"}],"predecessor-version":[{"id":1880,"href":"https:\/\/wp.ufpel.edu.br\/cedepem\/wp-json\/wp\/v2\/posts\/1879\/revisions\/1880"}],"wp:attachment":[{"href":"https:\/\/wp.ufpel.edu.br\/cedepem\/wp-json\/wp\/v2\/media?parent=1879"}],"wp:term":[{"taxonomy":"category","embeddable":true,"href":"https:\/\/wp.ufpel.edu.br\/cedepem\/wp-json\/wp\/v2\/categories?post=1879"},{"taxonomy":"post_tag","embeddable":true,"href":"https:\/\/wp.ufpel.edu.br\/cedepem\/wp-json\/wp\/v2\/tags?post=1879"}],"curies":[{"name":"wp","href":"https:\/\/api.w.org\/{rel}","templated":true}]}}