{"id":1850,"date":"2025-05-28T15:15:42","date_gmt":"2025-05-28T18:15:42","guid":{"rendered":"https:\/\/wp.ufpel.edu.br\/cedepem\/?p=1850"},"modified":"2025-05-28T16:26:04","modified_gmt":"2025-05-28T19:26:04","slug":"episodio-inaugural-de-podcasts-cedepem","status":"publish","type":"post","link":"https:\/\/wp.ufpel.edu.br\/cedepem\/2025\/05\/28\/episodio-inaugural-de-podcasts-cedepem\/","title":{"rendered":"Epis\u00f3dio inaugural do PODCAST CEDEPEM"},"content":{"rendered":"<div style=\"text-align: center;\"><a href=\"https:\/\/wp.ufpel.edu.br\/cedepem\/files\/2025\/05\/WhatsApp-Image-2025-05-27-at-23.10.56.jpeg\"><img loading=\"lazy\" decoding=\"async\" class=\"alignnone size-medium wp-image-1851\" src=\"https:\/\/wp.ufpel.edu.br\/cedepem\/files\/2025\/05\/WhatsApp-Image-2025-05-27-at-23.10.56-398x400.jpeg\" alt=\"\" width=\"398\" height=\"400\" srcset=\"https:\/\/wp.ufpel.edu.br\/cedepem\/files\/2025\/05\/WhatsApp-Image-2025-05-27-at-23.10.56-398x400.jpeg 398w, https:\/\/wp.ufpel.edu.br\/cedepem\/files\/2025\/05\/WhatsApp-Image-2025-05-27-at-23.10.56-200x200.jpeg 200w, https:\/\/wp.ufpel.edu.br\/cedepem\/files\/2025\/05\/WhatsApp-Image-2025-05-27-at-23.10.56-280x280.jpeg 280w, https:\/\/wp.ufpel.edu.br\/cedepem\/files\/2025\/05\/WhatsApp-Image-2025-05-27-at-23.10.56-100x100.jpeg 100w, https:\/\/wp.ufpel.edu.br\/cedepem\/files\/2025\/05\/WhatsApp-Image-2025-05-27-at-23.10.56-199x200.jpeg 199w, https:\/\/wp.ufpel.edu.br\/cedepem\/files\/2025\/05\/WhatsApp-Image-2025-05-27-at-23.10.56.jpeg 685w\" sizes=\"auto, (max-width: 398px) 100vw, 398px\" \/><\/a><\/div>\n<div style=\"text-align: justify;\">No epis\u00f3dio inaugural da s\u00e9rie de podcasts do CEDEPEM (Centro de Estudos Estrat\u00e9gicos e Planejamento Espacial Marinho), publicado em 23 de fevereiro de 2025, o professor em\u00e9rito da C\u00e1tedra de Geografia Humana da Universidade de Sevilha, Dr. Juan Luis Su\u00e1rez de Vivero, concedeu entrevista ao doutorando em Ci\u00eancia Pol\u00edtica Magayo Alves, da Universidade Federal de Pelotas. A conversa teve como foco o Planejamento Espacial Marinho (PEM), tema central da trajet\u00f3ria acad\u00eamica do professor Vivero, que introduziu o debate apresentando conceitos fundamentais, desafios institucionais e implica\u00e7\u00f5es pol\u00edticas.<\/div>\n<div><\/div>\n<div style=\"text-align: justify;\">Ao longo da entrevista, o professor utilizou o termo \u201cplanifica\u00e7\u00e3o marinha\u201d para se referir ao PEM, destacando que essa abordagem n\u00e3o pode ser simplesmente equiparada ao planejamento territorial terrestre. A principal raz\u00e3o para essa distin\u00e7\u00e3o est\u00e1 no regime jur\u00eddico que rege o espa\u00e7o marinho, fortemente vinculado ao direito internacional, especialmente \u00e0 Conven\u00e7\u00e3o das Na\u00e7\u00f5es Unidas sobre o Direito do Mar (CNUDM). Segundo ele, a planifica\u00e7\u00e3o marinha surgiu em grande medida associada \u00e0 organiza\u00e7\u00e3o do uso de fontes de energia renov\u00e1vel \u2014 chamadas por ele de &#8220;alternativas&#8221; \u2014 como a energia e\u00f3lica offshore, que exigiam uma coordena\u00e7\u00e3o mais refinada entre os diversos atores que operam no ambiente marinho.<\/div>\n<div><\/div>\n<div style=\"text-align: justify;\">Para Su\u00e1rez de Vivero, o Planejamento Espacial Marinho representa um esfor\u00e7o de racionaliza\u00e7\u00e3o do uso dos oceanos. Contudo, ele adverte que, embora sua implementa\u00e7\u00e3o demande o fortalecimento da capacidade administrativa e a cria\u00e7\u00e3o de novos instrumentos e inst\u00e2ncias de decis\u00e3o, esse processo pode acarretar um aumento da burocracia. O caso da Uni\u00e3o Europeia \u00e9 citado como exemplo de um contexto onde a multiplica\u00e7\u00e3o de camadas regulat\u00f3rias e inst\u00e2ncias decis\u00f3rias acabou dificultando a fluidez da gest\u00e3o marinha, gerando problemas de sobreposi\u00e7\u00e3o e fragmenta\u00e7\u00e3o institucional.<\/div>\n<div style=\"text-align: justify;\">Outro ponto relevante abordado na entrevista foi a import\u00e2ncia de considerar o contexto pol\u00edtico de cada pa\u00eds ao adotar o PEM. O professor enfatiza que, apesar de ser uma ferramenta t\u00e9cnico-jur\u00eddica, a planifica\u00e7\u00e3o marinha est\u00e1 imersa em disputas de poder e interesses, raz\u00e3o pela qual sua efetividade depende da vontade pol\u00edtica, da articula\u00e7\u00e3o entre os n\u00edveis de governo e da capacidade estatal de promover processos realmente participativos.<\/div>\n<div><\/div>\n<div style=\"text-align: justify;\">Por fim, Dr. Vivero conclui que a planifica\u00e7\u00e3o marinha n\u00e3o pode ser tratada de forma isolada. Para que ela seja efetiva e coerente com as din\u00e2micas socioespaciais dos territ\u00f3rios costeiros, deve estar integrada \u00e0 planifica\u00e7\u00e3o regional<b>.<\/b>\u00a0Ou seja, o ordenamento do espa\u00e7o marinho deve dialogar diretamente com os processos de planejamento que ocorrem em terra, especialmente nos territ\u00f3rios costeiros, promovendo uma abordagem sist\u00eamica, intersetorial e multin\u00edvel.<\/div>\n<div style=\"text-align: justify;\"><\/div>\n<div style=\"text-align: justify;\">A entrevista completa pode ser acessada, via link abaixo:<\/div>\n<div style=\"text-align: justify;\"><\/div>\n<div style=\"text-align: justify;\"><a id=\"m_6673394894167891628m_6602353634317688353OWA2cd33169-848e-f69e-3075-d3bcd25068cf\" href=\"https:\/\/open.spotify.com\/episode\/6u5HMSMZm6d44sO4Wd0Oyc?si=16e7357dbd2a4660\" target=\"_blank\" rel=\"noopener noreferrer\" data-saferedirecturl=\"https:\/\/www.google.com\/url?q=https:\/\/open.spotify.com\/episode\/6u5HMSMZm6d44sO4Wd0Oyc?si%3D16e7357dbd2a4660&amp;source=gmail&amp;ust=1748539440569000&amp;usg=AOvVaw0MJb-S2aIdlVZ9Zdq7xo59\">https:\/\/open.spotify.com\/<wbr \/>episode\/<wbr \/>6u5HMSMZm6d44sO4Wd0Oyc?si=<wbr \/>16e7357dbd2a4660<\/a><\/div>\n","protected":false},"excerpt":{"rendered":"<p>No epis\u00f3dio inaugural da s\u00e9rie de podcasts do CEDEPEM (Centro de Estudos Estrat\u00e9gicos e Planejamento Espacial Marinho), publicado em 23 de fevereiro de 2025, o professor em\u00e9rito&hellip; <span class=\"read-more\"><a class=\"more-link\" href=\"https:\/\/wp.ufpel.edu.br\/cedepem\/2025\/05\/28\/episodio-inaugural-de-podcasts-cedepem\/\" rel=\"bookmark\">Leia Mais <span class=\"screen-reader-text\">&#8220;Epis\u00f3dio inaugural do PODCAST CEDEPEM&#8221;<\/span><\/a><\/span><\/p>\n","protected":false},"author":1128,"featured_media":0,"comment_status":"closed","ping_status":"closed","sticky":false,"template":"","format":"standard","meta":{"footnotes":""},"categories":[44],"tags":[],"class_list":["post-1850","post","type-post","status-publish","format-standard","hentry","category-sem-categoria-pt"],"jetpack_featured_media_url":"","_links":{"self":[{"href":"https:\/\/wp.ufpel.edu.br\/cedepem\/wp-json\/wp\/v2\/posts\/1850","targetHints":{"allow":["GET"]}}],"collection":[{"href":"https:\/\/wp.ufpel.edu.br\/cedepem\/wp-json\/wp\/v2\/posts"}],"about":[{"href":"https:\/\/wp.ufpel.edu.br\/cedepem\/wp-json\/wp\/v2\/types\/post"}],"author":[{"embeddable":true,"href":"https:\/\/wp.ufpel.edu.br\/cedepem\/wp-json\/wp\/v2\/users\/1128"}],"replies":[{"embeddable":true,"href":"https:\/\/wp.ufpel.edu.br\/cedepem\/wp-json\/wp\/v2\/comments?post=1850"}],"version-history":[{"count":2,"href":"https:\/\/wp.ufpel.edu.br\/cedepem\/wp-json\/wp\/v2\/posts\/1850\/revisions"}],"predecessor-version":[{"id":1853,"href":"https:\/\/wp.ufpel.edu.br\/cedepem\/wp-json\/wp\/v2\/posts\/1850\/revisions\/1853"}],"wp:attachment":[{"href":"https:\/\/wp.ufpel.edu.br\/cedepem\/wp-json\/wp\/v2\/media?parent=1850"}],"wp:term":[{"taxonomy":"category","embeddable":true,"href":"https:\/\/wp.ufpel.edu.br\/cedepem\/wp-json\/wp\/v2\/categories?post=1850"},{"taxonomy":"post_tag","embeddable":true,"href":"https:\/\/wp.ufpel.edu.br\/cedepem\/wp-json\/wp\/v2\/tags?post=1850"}],"curies":[{"name":"wp","href":"https:\/\/api.w.org\/{rel}","templated":true}]}}