{"id":1681,"date":"2024-05-11T20:04:28","date_gmt":"2024-05-11T23:04:28","guid":{"rendered":"https:\/\/wp.ufpel.edu.br\/cedepem\/?p=1681"},"modified":"2024-05-11T20:53:47","modified_gmt":"2024-05-11T23:53:47","slug":"nota-de-solidariedade","status":"publish","type":"post","link":"https:\/\/wp.ufpel.edu.br\/cedepem\/2024\/05\/11\/nota-de-solidariedade\/","title":{"rendered":"NOTA DE SOLIDARIEDADE"},"content":{"rendered":"<p style=\"text-align: justify;\">\u00c9 com profundo pesar que o Centro de Estudos Estrat\u00e9gicos e Planejamento Espacial Marinho (CEDEPEM) expressa suas mais sinceras condol\u00eancias \u00e0s fam\u00edlias e comunidades afetadas pela terr\u00edvel trag\u00e9dia ocorrida no Rio Grande do Sul. Neste momento de dor e luto, estamos solid\u00e1rios aos que perderam seus entes queridos e aos que lutam pela recupera\u00e7\u00e3o dos feridos. Que encontrem conforto e apoio em meio a esta dif\u00edcil jornada. Que a for\u00e7a e a uni\u00e3o prevale\u00e7am, e que a solidariedade seja o alicerce para a reconstru\u00e7\u00e3o das vidas e comunidades afetadas.<\/p>\n<p>Equipe do CEDEPEM<\/p>\n","protected":false},"excerpt":{"rendered":"<p>\u00c9 com profundo pesar que o Centro de Estudos Estrat\u00e9gicos e Planejamento Espacial Marinho (CEDEPEM) expressa suas mais sinceras condol\u00eancias \u00e0s fam\u00edlias e comunidades afetadas pela terr\u00edvel&hellip; <span class=\"read-more\"><a class=\"more-link\" href=\"https:\/\/wp.ufpel.edu.br\/cedepem\/2024\/05\/11\/nota-de-solidariedade\/\" rel=\"bookmark\">Leia Mais <span class=\"screen-reader-text\">&#8220;NOTA DE SOLIDARIEDADE&#8221;<\/span><\/a><\/span><\/p>\n","protected":false},"author":1128,"featured_media":0,"comment_status":"closed","ping_status":"closed","sticky":false,"template":"","format":"standard","meta":{"footnotes":""},"categories":[44],"tags":[],"class_list":["post-1681","post","type-post","status-publish","format-standard","hentry","category-sem-categoria-pt"],"jetpack_featured_media_url":"","_links":{"self":[{"href":"https:\/\/wp.ufpel.edu.br\/cedepem\/wp-json\/wp\/v2\/posts\/1681","targetHints":{"allow":["GET"]}}],"collection":[{"href":"https:\/\/wp.ufpel.edu.br\/cedepem\/wp-json\/wp\/v2\/posts"}],"about":[{"href":"https:\/\/wp.ufpel.edu.br\/cedepem\/wp-json\/wp\/v2\/types\/post"}],"author":[{"embeddable":true,"href":"https:\/\/wp.ufpel.edu.br\/cedepem\/wp-json\/wp\/v2\/users\/1128"}],"replies":[{"embeddable":true,"href":"https:\/\/wp.ufpel.edu.br\/cedepem\/wp-json\/wp\/v2\/comments?post=1681"}],"version-history":[{"count":4,"href":"https:\/\/wp.ufpel.edu.br\/cedepem\/wp-json\/wp\/v2\/posts\/1681\/revisions"}],"predecessor-version":[{"id":1685,"href":"https:\/\/wp.ufpel.edu.br\/cedepem\/wp-json\/wp\/v2\/posts\/1681\/revisions\/1685"}],"wp:attachment":[{"href":"https:\/\/wp.ufpel.edu.br\/cedepem\/wp-json\/wp\/v2\/media?parent=1681"}],"wp:term":[{"taxonomy":"category","embeddable":true,"href":"https:\/\/wp.ufpel.edu.br\/cedepem\/wp-json\/wp\/v2\/categories?post=1681"},{"taxonomy":"post_tag","embeddable":true,"href":"https:\/\/wp.ufpel.edu.br\/cedepem\/wp-json\/wp\/v2\/tags?post=1681"}],"curies":[{"name":"wp","href":"https:\/\/api.w.org\/{rel}","templated":true}]}}