{"id":1628,"date":"2023-10-24T13:20:47","date_gmt":"2023-10-24T16:20:47","guid":{"rendered":"https:\/\/wp.ufpel.edu.br\/cedepem\/?p=1628"},"modified":"2023-10-24T13:20:47","modified_gmt":"2023-10-24T16:20:47","slug":"a-multidisciplinaridade-no-planejamento-espacial-marinho","status":"publish","type":"post","link":"https:\/\/wp.ufpel.edu.br\/cedepem\/2023\/10\/24\/a-multidisciplinaridade-no-planejamento-espacial-marinho\/","title":{"rendered":"A MULTIDISCIPLINARIDADE NO PLANEJAMENTO ESPACIAL MARINHO"},"content":{"rendered":"<p style=\"text-align: justify;\">A Revista CEDEPEM, N\u00famero 3, Volume 2, do ano 2023, acaba de ser lan\u00e7ada! O <a href=\"https:\/\/wp.ufpel.edu.br\/cedepem\/files\/2023\/10\/Editorial_Etiene.pdf\">Editorial<\/a>, redigido por Etiene Villela Marroni, coordenadora do CEDEPEM, convida voc\u00ea a refletir sobre o processo de elabora\u00e7\u00e3o do Planejamento Espacial Marinho (PEM) no contexto brasileiro. N\u00e3o deixe de aproveitar esta oportunidade para explorar n\u00e3o apenas este editorial, mas tamb\u00e9m os demais trabalhos publicados. Descubra mais agora! Clique <a href=\"https:\/\/wp.ufpel.edu.br\/cedepem\/volume-3-numero-2-2023\/\">aqui<\/a>.<\/p>\n<p>&nbsp;<\/p>\n<p><a href=\"https:\/\/wp.ufpel.edu.br\/cedepem\/files\/2023\/10\/CAPAHJ2.png\"><img loading=\"lazy\" decoding=\"async\" class=\"alignnone size-medium wp-image-1617\" src=\"https:\/\/wp.ufpel.edu.br\/cedepem\/files\/2023\/10\/CAPAHJ2-306x400.png\" alt=\"\" width=\"306\" height=\"400\" srcset=\"https:\/\/wp.ufpel.edu.br\/cedepem\/files\/2023\/10\/CAPAHJ2-306x400.png 306w, https:\/\/wp.ufpel.edu.br\/cedepem\/files\/2023\/10\/CAPAHJ2-600x784.png 600w, https:\/\/wp.ufpel.edu.br\/cedepem\/files\/2023\/10\/CAPAHJ2.png 607w\" sizes=\"auto, (max-width: 306px) 100vw, 306px\" \/><\/a><\/p>\n","protected":false},"excerpt":{"rendered":"<p>A Revista CEDEPEM, N\u00famero 3, Volume 2, do ano 2023, acaba de ser lan\u00e7ada! O Editorial, redigido por Etiene Villela Marroni, coordenadora do CEDEPEM, convida voc\u00ea a&hellip; <span class=\"read-more\"><a class=\"more-link\" href=\"https:\/\/wp.ufpel.edu.br\/cedepem\/2023\/10\/24\/a-multidisciplinaridade-no-planejamento-espacial-marinho\/\" rel=\"bookmark\">Leia Mais <span class=\"screen-reader-text\">&#8220;A MULTIDISCIPLINARIDADE NO PLANEJAMENTO ESPACIAL MARINHO&#8221;<\/span><\/a><\/span><\/p>\n","protected":false},"author":1128,"featured_media":0,"comment_status":"closed","ping_status":"closed","sticky":false,"template":"","format":"standard","meta":{"footnotes":""},"categories":[44],"tags":[],"class_list":["post-1628","post","type-post","status-publish","format-standard","hentry","category-sem-categoria-pt"],"jetpack_featured_media_url":"","_links":{"self":[{"href":"https:\/\/wp.ufpel.edu.br\/cedepem\/wp-json\/wp\/v2\/posts\/1628","targetHints":{"allow":["GET"]}}],"collection":[{"href":"https:\/\/wp.ufpel.edu.br\/cedepem\/wp-json\/wp\/v2\/posts"}],"about":[{"href":"https:\/\/wp.ufpel.edu.br\/cedepem\/wp-json\/wp\/v2\/types\/post"}],"author":[{"embeddable":true,"href":"https:\/\/wp.ufpel.edu.br\/cedepem\/wp-json\/wp\/v2\/users\/1128"}],"replies":[{"embeddable":true,"href":"https:\/\/wp.ufpel.edu.br\/cedepem\/wp-json\/wp\/v2\/comments?post=1628"}],"version-history":[{"count":1,"href":"https:\/\/wp.ufpel.edu.br\/cedepem\/wp-json\/wp\/v2\/posts\/1628\/revisions"}],"predecessor-version":[{"id":1629,"href":"https:\/\/wp.ufpel.edu.br\/cedepem\/wp-json\/wp\/v2\/posts\/1628\/revisions\/1629"}],"wp:attachment":[{"href":"https:\/\/wp.ufpel.edu.br\/cedepem\/wp-json\/wp\/v2\/media?parent=1628"}],"wp:term":[{"taxonomy":"category","embeddable":true,"href":"https:\/\/wp.ufpel.edu.br\/cedepem\/wp-json\/wp\/v2\/categories?post=1628"},{"taxonomy":"post_tag","embeddable":true,"href":"https:\/\/wp.ufpel.edu.br\/cedepem\/wp-json\/wp\/v2\/tags?post=1628"}],"curies":[{"name":"wp","href":"https:\/\/api.w.org\/{rel}","templated":true}]}}