{"id":1605,"date":"2023-10-20T18:16:12","date_gmt":"2023-10-20T21:16:12","guid":{"rendered":"https:\/\/wp.ufpel.edu.br\/cedepem\/?p=1605"},"modified":"2023-10-20T18:17:29","modified_gmt":"2023-10-20T21:17:29","slug":"apresentacao-de-trabalhos-de-pesquisadores-do-cedepem-no-47o-encontro-anual-da-anpocs","status":"publish","type":"post","link":"https:\/\/wp.ufpel.edu.br\/cedepem\/2023\/10\/20\/apresentacao-de-trabalhos-de-pesquisadores-do-cedepem-no-47o-encontro-anual-da-anpocs\/","title":{"rendered":"Apresenta\u00e7\u00e3o de Trabalhos de Pesquisadores do CEDEPEM no 47\u00ba Encontro Anual da ANPOCS"},"content":{"rendered":"<p style=\"text-align: center;\"><a href=\"https:\/\/wp.ufpel.edu.br\/cedepem\/files\/2023\/10\/Captura-de-tela-2023-10-20-180844.png\"><img loading=\"lazy\" decoding=\"async\" class=\"alignnone size-medium wp-image-1606\" src=\"https:\/\/wp.ufpel.edu.br\/cedepem\/files\/2023\/10\/Captura-de-tela-2023-10-20-180844-400x93.png\" alt=\"\" width=\"400\" height=\"93\" srcset=\"https:\/\/wp.ufpel.edu.br\/cedepem\/files\/2023\/10\/Captura-de-tela-2023-10-20-180844-400x93.png 400w, https:\/\/wp.ufpel.edu.br\/cedepem\/files\/2023\/10\/Captura-de-tela-2023-10-20-180844-1024x237.png 1024w, https:\/\/wp.ufpel.edu.br\/cedepem\/files\/2023\/10\/Captura-de-tela-2023-10-20-180844-768x178.png 768w, https:\/\/wp.ufpel.edu.br\/cedepem\/files\/2023\/10\/Captura-de-tela-2023-10-20-180844-600x139.png 600w, https:\/\/wp.ufpel.edu.br\/cedepem\/files\/2023\/10\/Captura-de-tela-2023-10-20-180844-945x219.png 945w, https:\/\/wp.ufpel.edu.br\/cedepem\/files\/2023\/10\/Captura-de-tela-2023-10-20-180844.png 1067w\" sizes=\"auto, (max-width: 400px) 100vw, 400px\" \/><\/a><\/p>\n<p style=\"text-align: center;\"><b>Apresenta\u00e7\u00e3o de Trabalhos de Pesquisadores do CEDEPEM<br \/>\n<\/b><b>no <\/b><b>47\u00ba Encontro Anual da ANPOCS<\/b><b><br \/>\n<\/b><\/p>\n<p><span style=\"font-weight: 400;\">Durante o <\/span><b>47\u00ba Encontro Anual da ANPOCS<\/b><span style=\"font-weight: 400;\"> (<\/span><b>Associa\u00e7\u00e3o Nacional de P\u00f3s-Gradua\u00e7\u00e3o e Pesquisa em Ci\u00eancias Sociais<\/b><span style=\"font-weight: 400;\">), os pesquisadores do CEDEPEM (Centro de Estudos Estrat\u00e9gicos e Planejamento Espacial Marinho) apresentaram trabalhos nas \u00c1reas Tem\u00e1ticas: \u201cQuest\u00f5es Socioambientais no Antropoceno: povos ind\u00edgenas e impactos do desenvolvimentismo na Amaz\u00f4nia\u201d e \u201cBurocracia P\u00fablica, Crise da Democracia e Pol\u00edticas P\u00fablicas\u201d Parab\u00e9ns aos doutorandos Magayo de Mac\u00eado Alves e Ayols\u00e9 Andrade Pires dos Santos, do Programa de P\u00f3s-Gradua\u00e7\u00e3o em Ci\u00eancia Pol\u00edtica da Universidade Federal de Pelotas (PPGCPol\/UFPel). Agradecemos o apoio da CAPES e CNPq. Parab\u00e9ns aos pesquisadores pelas apresenta\u00e7\u00f5es.<\/span><\/p>\n<p><b>18\/10 | 09:00|<\/b><\/p>\n<p><span style=\"font-weight: 400;\">\u00c1rea Tem\u00e1tica: Quest\u00f5es Socioambientais no Antropoceno: povos ind\u00edgenas e impactos do desenvolvimentismo na Amaz\u00f4nia<\/span><\/p>\n<p><span style=\"font-weight: 400;\">Trabalho apresentado<\/span><b>: A implementa\u00e7\u00e3o de acordos internacionais ambientais no Brasil: o caso das Confer\u00eancias das Partes (2019-2022)<\/b><\/p>\n<p><span style=\"font-weight: 400;\">Autores: Magayo de Mac\u00eado Alves e Etiene Villela Marroni (PPGCPol\/UFPel\/CEDEPEM)<\/span><\/p>\n<p><a href=\"https:\/\/wp.ufpel.edu.br\/cedepem\/files\/2023\/10\/Captura-de-tela-2023-10-20-180926.png\"><img loading=\"lazy\" decoding=\"async\" class=\"alignnone size-medium wp-image-1607\" src=\"https:\/\/wp.ufpel.edu.br\/cedepem\/files\/2023\/10\/Captura-de-tela-2023-10-20-180926-400x231.png\" alt=\"\" width=\"400\" height=\"231\" srcset=\"https:\/\/wp.ufpel.edu.br\/cedepem\/files\/2023\/10\/Captura-de-tela-2023-10-20-180926-400x231.png 400w, https:\/\/wp.ufpel.edu.br\/cedepem\/files\/2023\/10\/Captura-de-tela-2023-10-20-180926-1024x592.png 1024w, https:\/\/wp.ufpel.edu.br\/cedepem\/files\/2023\/10\/Captura-de-tela-2023-10-20-180926-768x444.png 768w, https:\/\/wp.ufpel.edu.br\/cedepem\/files\/2023\/10\/Captura-de-tela-2023-10-20-180926-600x347.png 600w, https:\/\/wp.ufpel.edu.br\/cedepem\/files\/2023\/10\/Captura-de-tela-2023-10-20-180926-945x547.png 945w, https:\/\/wp.ufpel.edu.br\/cedepem\/files\/2023\/10\/Captura-de-tela-2023-10-20-180926.png 1070w\" sizes=\"auto, (max-width: 400px) 100vw, 400px\" \/><\/a><\/p>\n<p><b>18\/10 | 18:00<\/b><\/p>\n<p><span style=\"font-weight: 400;\">\u00c1rea Tem\u00e1tica: Burocracia P\u00fablica, Crise da Democracia e Pol\u00edticas P\u00fablicas<\/span><\/p>\n<p><span style=\"font-weight: 400;\">Trabalho apresentado<\/span><b>: Para al\u00e9m de elei\u00e7\u00f5es regulares: debate sobre o contexto democr\u00e1tico em S\u00e3o Tom\u00e9 e Pr\u00edncipe<\/b><\/p>\n<p><span style=\"font-weight: 400;\">Autores: Ayols\u00e9 Pires dos Santos e Etiene Villela Marroni (PPGCPol\/UFPel\/CEDEPEM)<\/span><\/p>\n<p><a href=\"https:\/\/wp.ufpel.edu.br\/cedepem\/files\/2023\/10\/Captura-de-tela-2023-10-20-181013.png\"><img loading=\"lazy\" decoding=\"async\" class=\"alignnone size-medium wp-image-1608\" src=\"https:\/\/wp.ufpel.edu.br\/cedepem\/files\/2023\/10\/Captura-de-tela-2023-10-20-181013-335x400.png\" alt=\"\" width=\"335\" height=\"400\" srcset=\"https:\/\/wp.ufpel.edu.br\/cedepem\/files\/2023\/10\/Captura-de-tela-2023-10-20-181013-335x400.png 335w, https:\/\/wp.ufpel.edu.br\/cedepem\/files\/2023\/10\/Captura-de-tela-2023-10-20-181013.png 416w\" sizes=\"auto, (max-width: 335px) 100vw, 335px\" \/><\/a><\/p>\n","protected":false},"excerpt":{"rendered":"<p>Apresenta\u00e7\u00e3o de Trabalhos de Pesquisadores do CEDEPEM no 47\u00ba Encontro Anual da ANPOCS Durante o 47\u00ba Encontro Anual da ANPOCS (Associa\u00e7\u00e3o Nacional de P\u00f3s-Gradua\u00e7\u00e3o e Pesquisa em&hellip; <span class=\"read-more\"><a class=\"more-link\" href=\"https:\/\/wp.ufpel.edu.br\/cedepem\/2023\/10\/20\/apresentacao-de-trabalhos-de-pesquisadores-do-cedepem-no-47o-encontro-anual-da-anpocs\/\" rel=\"bookmark\">Leia Mais <span class=\"screen-reader-text\">&#8220;Apresenta\u00e7\u00e3o de Trabalhos de Pesquisadores do CEDEPEM no 47\u00ba Encontro Anual da ANPOCS&#8221;<\/span><\/a><\/span><\/p>\n","protected":false},"author":1128,"featured_media":0,"comment_status":"closed","ping_status":"closed","sticky":false,"template":"","format":"standard","meta":{"footnotes":""},"categories":[44],"tags":[],"class_list":["post-1605","post","type-post","status-publish","format-standard","hentry","category-sem-categoria-pt"],"jetpack_featured_media_url":"","_links":{"self":[{"href":"https:\/\/wp.ufpel.edu.br\/cedepem\/wp-json\/wp\/v2\/posts\/1605","targetHints":{"allow":["GET"]}}],"collection":[{"href":"https:\/\/wp.ufpel.edu.br\/cedepem\/wp-json\/wp\/v2\/posts"}],"about":[{"href":"https:\/\/wp.ufpel.edu.br\/cedepem\/wp-json\/wp\/v2\/types\/post"}],"author":[{"embeddable":true,"href":"https:\/\/wp.ufpel.edu.br\/cedepem\/wp-json\/wp\/v2\/users\/1128"}],"replies":[{"embeddable":true,"href":"https:\/\/wp.ufpel.edu.br\/cedepem\/wp-json\/wp\/v2\/comments?post=1605"}],"version-history":[{"count":3,"href":"https:\/\/wp.ufpel.edu.br\/cedepem\/wp-json\/wp\/v2\/posts\/1605\/revisions"}],"predecessor-version":[{"id":1611,"href":"https:\/\/wp.ufpel.edu.br\/cedepem\/wp-json\/wp\/v2\/posts\/1605\/revisions\/1611"}],"wp:attachment":[{"href":"https:\/\/wp.ufpel.edu.br\/cedepem\/wp-json\/wp\/v2\/media?parent=1605"}],"wp:term":[{"taxonomy":"category","embeddable":true,"href":"https:\/\/wp.ufpel.edu.br\/cedepem\/wp-json\/wp\/v2\/categories?post=1605"},{"taxonomy":"post_tag","embeddable":true,"href":"https:\/\/wp.ufpel.edu.br\/cedepem\/wp-json\/wp\/v2\/tags?post=1605"}],"curies":[{"name":"wp","href":"https:\/\/api.w.org\/{rel}","templated":true}]}}