{"id":9213,"date":"2026-04-01T14:47:47","date_gmt":"2026-04-01T17:47:47","guid":{"rendered":"https:\/\/wp.ufpel.edu.br\/ccso\/?p=9213"},"modified":"2026-04-01T14:49:11","modified_gmt":"2026-04-01T17:49:11","slug":"edital-aberto-selecao-de-estudantes","status":"publish","type":"post","link":"https:\/\/wp.ufpel.edu.br\/ccso\/2026\/04\/01\/edital-aberto-selecao-de-estudantes\/","title":{"rendered":"EDITAL ABERTO | SELE\u00c7\u00c3O DE ESTUDANTES"},"content":{"rendered":"<p>O projeto de extens\u00e3o <strong>\u201cCiclo de Cursos em Gest\u00e3o de Neg\u00f3cios\u201d<\/strong> da Universidade Federal de Pelotas est\u00e1 com inscri\u00e7\u00f5es abertas! \ud83d\udcda\u2728<\/p>\n<p>\ud83c\udfaf <strong>Oportunidade para estudantes do CCSO<\/strong> que desejam desenvolver habilidades em gest\u00e3o, comunica\u00e7\u00e3o, organiza\u00e7\u00e3o de eventos e atua\u00e7\u00e3o em projetos de extens\u00e3o.<\/p>\n<p>\ud83d\udc65 <strong>Vagas:<\/strong><br \/>\n\u2022 4 para Bacharelado<br \/>\n\u2022 4 para Tecn\u00f3logos<\/p>\n<p>\ud83d\udcbc <strong>Atividades:<\/strong><br \/>\n\u2714 Planejamento e divulga\u00e7\u00e3o de minicursos<br \/>\n\u2714 Cria\u00e7\u00e3o de materiais (Canva)<br \/>\n\u2714 Gest\u00e3o do Instagram do projeto<br \/>\n\u2714 Apoio em eventos e atendimento aos participantes<br \/>\n\u2714 Elabora\u00e7\u00e3o de relat\u00f3rios<\/p>\n<p>\ud83d\udcc5 <strong>Inscri\u00e7\u00f5es:<\/strong><br \/>\n\ud83d\uddd3 De 01\/04 at\u00e9 08\/04 (23h)<br \/>\nFormul\u00e1rio dispon\u00edvel no edital<\/p>\n<p>\u26a0\ufe0f Importante: participa\u00e7\u00e3o <strong>volunt\u00e1ria (sem bolsa)<\/strong><\/p>\n<p>\ud83d\udce2 <strong>Resultado:<\/strong> a partir de 14\/04 no Instagram do projeto<\/p>\n<p>\ud83d\udca1 Uma excelente chance de fortalecer seu curr\u00edculo, vivenciar a extens\u00e3o universit\u00e1ria e ampliar sua experi\u00eancia profissional!<\/p>\n<p><a href=\"https:\/\/wp.ufpel.edu.br\/ccso\/files\/2026\/04\/Edital-de-Selecao-de-estudantes-no-01-2026-CGN.pdf\">Edital de Sele\u00e7\u00e3o de estudantes n\u00ba 01-2026 &#8211; CGN<\/a><\/p>\n","protected":false},"excerpt":{"rendered":"<p>O projeto de extens\u00e3o \u201cCiclo de Cursos em Gest\u00e3o de Neg\u00f3cios\u201d da Universidade Federal de Pelotas est\u00e1 com inscri\u00e7\u00f5es abertas! \ud83d\udcda\u2728 \ud83c\udfaf Oportunidade para estudantes do CCSO que desejam desenvolver habilidades em gest\u00e3o, comunica\u00e7\u00e3o, organiza\u00e7\u00e3o de eventos e atua\u00e7\u00e3o em projetos de extens\u00e3o. \ud83d\udc65 Vagas: \u2022 4 para Bacharelado \u2022 4 para Tecn\u00f3logos \ud83d\udcbc Atividades: &hellip; <\/p>\n<p><a class=\"more-link btn\" href=\"https:\/\/wp.ufpel.edu.br\/ccso\/2026\/04\/01\/edital-aberto-selecao-de-estudantes\/\">Continue lendo<\/a><\/p>\n","protected":false},"author":1120,"featured_media":0,"comment_status":"closed","ping_status":"closed","sticky":false,"template":"","format":"standard","meta":{"footnotes":""},"categories":[1],"tags":[],"class_list":["post-9213","post","type-post","status-publish","format-standard","hentry","category-noticias","item-wrap"],"jetpack_featured_media_url":"","_links":{"self":[{"href":"https:\/\/wp.ufpel.edu.br\/ccso\/wp-json\/wp\/v2\/posts\/9213","targetHints":{"allow":["GET"]}}],"collection":[{"href":"https:\/\/wp.ufpel.edu.br\/ccso\/wp-json\/wp\/v2\/posts"}],"about":[{"href":"https:\/\/wp.ufpel.edu.br\/ccso\/wp-json\/wp\/v2\/types\/post"}],"author":[{"embeddable":true,"href":"https:\/\/wp.ufpel.edu.br\/ccso\/wp-json\/wp\/v2\/users\/1120"}],"replies":[{"embeddable":true,"href":"https:\/\/wp.ufpel.edu.br\/ccso\/wp-json\/wp\/v2\/comments?post=9213"}],"version-history":[{"count":2,"href":"https:\/\/wp.ufpel.edu.br\/ccso\/wp-json\/wp\/v2\/posts\/9213\/revisions"}],"predecessor-version":[{"id":9217,"href":"https:\/\/wp.ufpel.edu.br\/ccso\/wp-json\/wp\/v2\/posts\/9213\/revisions\/9217"}],"wp:attachment":[{"href":"https:\/\/wp.ufpel.edu.br\/ccso\/wp-json\/wp\/v2\/media?parent=9213"}],"wp:term":[{"taxonomy":"category","embeddable":true,"href":"https:\/\/wp.ufpel.edu.br\/ccso\/wp-json\/wp\/v2\/categories?post=9213"},{"taxonomy":"post_tag","embeddable":true,"href":"https:\/\/wp.ufpel.edu.br\/ccso\/wp-json\/wp\/v2\/tags?post=9213"}],"curies":[{"name":"wp","href":"https:\/\/api.w.org\/{rel}","templated":true}]}}