{"id":8385,"date":"2023-05-15T17:00:33","date_gmt":"2023-05-15T20:00:33","guid":{"rendered":"https:\/\/wp.ufpel.edu.br\/ccso\/?p=8385"},"modified":"2023-05-15T17:00:33","modified_gmt":"2023-05-15T20:00:33","slug":"projeto-cafe-com-turismo-aborda-decisoes-baseadas-em-dados-o-uso-da-inteligencia-na-promocao-de-destinos-turisticos","status":"publish","type":"post","link":"https:\/\/wp.ufpel.edu.br\/ccso\/2023\/05\/15\/projeto-cafe-com-turismo-aborda-decisoes-baseadas-em-dados-o-uso-da-inteligencia-na-promocao-de-destinos-turisticos\/","title":{"rendered":"Projeto Caf\u00e9 com Turismo aborda Decis\u00f5es Baseadas em Dados: o uso da intelig\u00eancia na promo\u00e7\u00e3o de destinos tur\u00edsticos"},"content":{"rendered":"<p dir=\"ltr\">O Curso de Turismo realizar\u00e1 nesta semana (quarta-feira, 17\/05), no formato remoto, a pr\u00f3xima edi\u00e7\u00e3o do evento Caf\u00e9 com Turismo. O projeto tem como objetivo oportunizar a troca de experi\u00eancias entre profissionais de Turismo, discentes, egressos, estudantes de outros cursos e institui\u00e7\u00f5es e a comunidade em geral. O evento \u00e9 gratuito e aberto ao p\u00fablico.<\/p>\n<p dir=\"ltr\">Esta edi\u00e7\u00e3o ter\u00e1 como tema &#8220;Decis\u00f5es Baseadas em Dados: o uso de intelig\u00eancia na promo\u00e7\u00e3o de destinos tur\u00edsticos&#8221;, com a convidada especial, a turism\u00f3loga Paula Schulz. O evento ocorre no dia 17\/05 \u00e0s 16h no formato remoto (online).<\/p>\n<p dir=\"ltr\">As inscri\u00e7\u00f5es s\u00e3o limitadas e podem ser realizadas no seguinte link: <a href=\"https:\/\/forms.gle\/C1zPZfFNRx74Ni4y6\" target=\"_blank\" rel=\"noopener noreferrer\">https:\/\/forms.gle\/C1zPZfFNRx74Ni4y6<\/a><\/p>\n<p dir=\"ltr\">Para mais informa\u00e7\u00f5es acesse:<\/p>\n<p dir=\"ltr\">Instagram:\u00a0<a href=\"https:\/\/www.instagram.com\/ufpel.cafecomturismo\/\" target=\"_blank\" rel=\"noopener noreferrer\">https:\/\/www.instagram.com\/ufpel.cafecomturismo\/<\/a><\/p>\n<p dir=\"ltr\">P\u00e1gina do projeto no Facebook:\u00a0<a href=\"https:\/\/www.facebook.com\/ufpel.cafecomturismo\" target=\"_blank\" rel=\"noopener noreferrer\">https:\/\/www.facebook.com\/ufpel.cafecomturismo<\/a><\/p>\n<p dir=\"ltr\"><img loading=\"lazy\" decoding=\"async\" class=\"alignnone  wp-image-8387\" src=\"https:\/\/wp.ufpel.edu.br\/ccso\/files\/2023\/05\/Apresentacao-da-convidada-Cafe-com-Turismo-1-400x400.jpeg\" alt=\"\" width=\"429\" height=\"429\" srcset=\"https:\/\/wp.ufpel.edu.br\/ccso\/files\/2023\/05\/Apresentacao-da-convidada-Cafe-com-Turismo-1-400x400.jpeg 400w, https:\/\/wp.ufpel.edu.br\/ccso\/files\/2023\/05\/Apresentacao-da-convidada-Cafe-com-Turismo-1-1024x1024.jpeg 1024w, https:\/\/wp.ufpel.edu.br\/ccso\/files\/2023\/05\/Apresentacao-da-convidada-Cafe-com-Turismo-1-200x200.jpeg 200w, https:\/\/wp.ufpel.edu.br\/ccso\/files\/2023\/05\/Apresentacao-da-convidada-Cafe-com-Turismo-1-768x767.jpeg 768w, https:\/\/wp.ufpel.edu.br\/ccso\/files\/2023\/05\/Apresentacao-da-convidada-Cafe-com-Turismo-1-750x749.jpeg 750w, https:\/\/wp.ufpel.edu.br\/ccso\/files\/2023\/05\/Apresentacao-da-convidada-Cafe-com-Turismo-1.jpeg 1080w\" sizes=\"auto, (max-width: 429px) 100vw, 429px\" \/><\/p>\n","protected":false},"excerpt":{"rendered":"<p>O Curso de Turismo realizar\u00e1 nesta semana (quarta-feira, 17\/05), no formato remoto, a pr\u00f3xima edi\u00e7\u00e3o do evento Caf\u00e9 com Turismo. O projeto tem como objetivo oportunizar a troca de experi\u00eancias entre profissionais de Turismo, discentes, egressos, estudantes de outros cursos e institui\u00e7\u00f5es e a comunidade em geral. O evento \u00e9 gratuito e aberto ao p\u00fablico. &hellip; <\/p>\n<p><a class=\"more-link btn\" href=\"https:\/\/wp.ufpel.edu.br\/ccso\/2023\/05\/15\/projeto-cafe-com-turismo-aborda-decisoes-baseadas-em-dados-o-uso-da-inteligencia-na-promocao-de-destinos-turisticos\/\">Continue lendo<\/a><\/p>\n","protected":false},"author":1120,"featured_media":0,"comment_status":"closed","ping_status":"closed","sticky":false,"template":"","format":"standard","meta":{"footnotes":""},"categories":[1],"tags":[],"class_list":["post-8385","post","type-post","status-publish","format-standard","hentry","category-noticias","item-wrap"],"jetpack_featured_media_url":"","_links":{"self":[{"href":"https:\/\/wp.ufpel.edu.br\/ccso\/wp-json\/wp\/v2\/posts\/8385","targetHints":{"allow":["GET"]}}],"collection":[{"href":"https:\/\/wp.ufpel.edu.br\/ccso\/wp-json\/wp\/v2\/posts"}],"about":[{"href":"https:\/\/wp.ufpel.edu.br\/ccso\/wp-json\/wp\/v2\/types\/post"}],"author":[{"embeddable":true,"href":"https:\/\/wp.ufpel.edu.br\/ccso\/wp-json\/wp\/v2\/users\/1120"}],"replies":[{"embeddable":true,"href":"https:\/\/wp.ufpel.edu.br\/ccso\/wp-json\/wp\/v2\/comments?post=8385"}],"version-history":[{"count":1,"href":"https:\/\/wp.ufpel.edu.br\/ccso\/wp-json\/wp\/v2\/posts\/8385\/revisions"}],"predecessor-version":[{"id":8388,"href":"https:\/\/wp.ufpel.edu.br\/ccso\/wp-json\/wp\/v2\/posts\/8385\/revisions\/8388"}],"wp:attachment":[{"href":"https:\/\/wp.ufpel.edu.br\/ccso\/wp-json\/wp\/v2\/media?parent=8385"}],"wp:term":[{"taxonomy":"category","embeddable":true,"href":"https:\/\/wp.ufpel.edu.br\/ccso\/wp-json\/wp\/v2\/categories?post=8385"},{"taxonomy":"post_tag","embeddable":true,"href":"https:\/\/wp.ufpel.edu.br\/ccso\/wp-json\/wp\/v2\/tags?post=8385"}],"curies":[{"name":"wp","href":"https:\/\/api.w.org\/{rel}","templated":true}]}}