{"id":7899,"date":"2022-08-31T18:29:07","date_gmt":"2022-08-31T21:29:07","guid":{"rendered":"https:\/\/wp.ufpel.edu.br\/ccso\/?p=7899"},"modified":"2022-08-31T18:29:07","modified_gmt":"2022-08-31T21:29:07","slug":"eleicoes-para-coordenador-e-coordenador-adjunto-do-curso-de-gestao-publica","status":"publish","type":"post","link":"https:\/\/wp.ufpel.edu.br\/ccso\/2022\/08\/31\/eleicoes-para-coordenador-e-coordenador-adjunto-do-curso-de-gestao-publica\/","title":{"rendered":"Elei\u00e7\u00f5es para Coordenador e Coordenador Adjunto do Curso de Gest\u00e3o P\u00fablica"},"content":{"rendered":"<p>Em reuni\u00e3o realizada no dia 31 de agosto de 2022, o Colegiado aprovou o<span class=\"v1gmail-Apple-converted-space\">\u00a0<\/span><a href=\"https:\/\/wp.ufpel.edu.br\/gestaopublica\/files\/2022\/08\/Edital-032022-Coordenador-e-Coordenador-Adjunto.pdf\" target=\"_blank\" rel=\"noopener noreferrer\">Edital 03\/2022<\/a>, que trata da elei\u00e7\u00e3o para Coordenador e Coordenador Adjunto do Curso de Gest\u00e3o P\u00fablica da Universidade Federal de Pelotas. A Comiss\u00e3o Eleitoral ser\u00e1 presidida pelo Assist. Admin. Christian Manetti Geisler e ter\u00e1 o seguinte cronograma:<\/p>\n<p>I \u2013 Inscri\u00e7\u00f5es de candidaturas: das<span class=\"v1gmail-Apple-converted-space\">\u00a0<\/span><strong>12 horas do dia 02 de setembro de 2022<span class=\"v1gmail-Apple-converted-space\">\u00a0<\/span><\/strong>at\u00e9 as<span class=\"v1gmail-Apple-converted-space\">\u00a0<\/span><strong>12h do dia 06 de setembro de 2022<\/strong>;<\/p>\n<p>II \u2013 Homologa\u00e7\u00e3o das inscri\u00e7\u00f5es:<span class=\"v1gmail-Apple-converted-space\">\u00a0<\/span><strong>at\u00e9 \u00e0s 18 horas do dia 06 de setembro de 2022<\/strong>;<br \/>\nIII \u2013 Prazo para impugna\u00e7\u00e3o da homologa\u00e7\u00e3o das inscri\u00e7\u00f5es: at\u00e9 as<span class=\"v1gmail-Apple-converted-space\">\u00a0<\/span><strong>12 horas do dia 08 de setembro de 2022<\/strong>;<br \/>\nIV\u2013 Julgamento dos recursos de impugna\u00e7\u00e3o e Publica\u00e7\u00e3o Definitiva das inscri\u00e7\u00f5es:<span class=\"v1gmail-Apple-converted-space\">\u00a0<\/span><strong>08 de setembro de 2022<\/strong>;<br \/>\nV\u2013 Per\u00edodo de campanha: de<span class=\"v1gmail-Apple-converted-space\">\u00a0<\/span><strong>09 de setembro 2022<span class=\"v1gmail-Apple-converted-space\">\u00a0<\/span><\/strong>at\u00e9<span class=\"v1gmail-Apple-converted-space\">\u00a0<\/span><strong>13 de setembro de 2022<\/strong>;<br \/>\nVI \u2013 Elei\u00e7\u00e3o e homologa\u00e7\u00e3o do processo eleitoral:<span class=\"v1gmail-Apple-converted-space\">\u00a0<\/span><strong>17h do dia 14 de setembro de 2022<\/strong>.<\/p>\n<p>&nbsp;<\/p>\n<div class=\"v1gmail-page\" title=\"Page 2\">\n<div class=\"v1gmail-section\">\n<div class=\"v1gmail-layoutArea\">\n<div class=\"v1gmail-column\">\n<p>Para solicitar a inscri\u00e7\u00e3o, o candidato dever\u00e1 enviar, tempestivamente, requerimento para o endere\u00e7o eletr\u00f4nico<span class=\"v1gmail-Apple-converted-space\">\u00a0<\/span><strong><a href=\"mailto:colegiadosccso@gmail.com\" rel=\"noreferrer\">colegiadosccso@gmail.com<\/a><\/strong>, informando o nome completo e n\u00famero SIAPE.<\/p>\n<p>Poder\u00e1 se candidatar aos cargos de Coordenador e Coordenador Adjunto todo professor ocupante de cargo da Carreira do Magist\u00e9rio Superior Federal da UFPel, integrante do quadro permanente-ativo que esteja ministrando ou tenha ministrado componentes curriculares obrigat\u00f3rios ou optativos do Curso de Gest\u00e3o P\u00fablica a no m\u00e1ximo tr\u00eas (3) anos da data de publica\u00e7\u00e3o deste Edital, para um mandato de dois (2) anos, permitida a recondu\u00e7\u00e3o.<\/p>\n<\/div>\n<div class=\"v1gmail-page\" title=\"Page 1\">\n<div class=\"v1gmail-section\">\n<div class=\"v1gmail-layoutArea\">\n<div class=\"v1gmail-column\">\n<p>A elei\u00e7\u00e3o ser\u00e1 realizada mediante vota\u00e7\u00e3o uninominal e secreta pelos membros do Colegiado, em reuni\u00e3o no dia<strong><span class=\"v1gmail-Apple-converted-space\">\u00a0<\/span>14 de setembro de 2022<\/strong>.<\/p>\n<\/div>\n<\/div>\n<\/div>\n<\/div>\n<\/div>\n<\/div>\n<\/div>\n","protected":false},"excerpt":{"rendered":"<p>Em reuni\u00e3o realizada no dia 31 de agosto de 2022, o Colegiado aprovou o\u00a0Edital 03\/2022, que trata da elei\u00e7\u00e3o para Coordenador e Coordenador Adjunto do Curso de Gest\u00e3o P\u00fablica da Universidade Federal de Pelotas. A Comiss\u00e3o Eleitoral ser\u00e1 presidida pelo Assist. Admin. Christian Manetti Geisler e ter\u00e1 o seguinte cronograma: I \u2013 Inscri\u00e7\u00f5es de candidaturas: &hellip; <\/p>\n<p><a class=\"more-link btn\" href=\"https:\/\/wp.ufpel.edu.br\/ccso\/2022\/08\/31\/eleicoes-para-coordenador-e-coordenador-adjunto-do-curso-de-gestao-publica\/\">Continue lendo<\/a><\/p>\n","protected":false},"author":1120,"featured_media":0,"comment_status":"closed","ping_status":"closed","sticky":false,"template":"","format":"standard","meta":{"footnotes":""},"categories":[1],"tags":[],"class_list":["post-7899","post","type-post","status-publish","format-standard","hentry","category-noticias","item-wrap"],"jetpack_featured_media_url":"","_links":{"self":[{"href":"https:\/\/wp.ufpel.edu.br\/ccso\/wp-json\/wp\/v2\/posts\/7899","targetHints":{"allow":["GET"]}}],"collection":[{"href":"https:\/\/wp.ufpel.edu.br\/ccso\/wp-json\/wp\/v2\/posts"}],"about":[{"href":"https:\/\/wp.ufpel.edu.br\/ccso\/wp-json\/wp\/v2\/types\/post"}],"author":[{"embeddable":true,"href":"https:\/\/wp.ufpel.edu.br\/ccso\/wp-json\/wp\/v2\/users\/1120"}],"replies":[{"embeddable":true,"href":"https:\/\/wp.ufpel.edu.br\/ccso\/wp-json\/wp\/v2\/comments?post=7899"}],"version-history":[{"count":1,"href":"https:\/\/wp.ufpel.edu.br\/ccso\/wp-json\/wp\/v2\/posts\/7899\/revisions"}],"predecessor-version":[{"id":7901,"href":"https:\/\/wp.ufpel.edu.br\/ccso\/wp-json\/wp\/v2\/posts\/7899\/revisions\/7901"}],"wp:attachment":[{"href":"https:\/\/wp.ufpel.edu.br\/ccso\/wp-json\/wp\/v2\/media?parent=7899"}],"wp:term":[{"taxonomy":"category","embeddable":true,"href":"https:\/\/wp.ufpel.edu.br\/ccso\/wp-json\/wp\/v2\/categories?post=7899"},{"taxonomy":"post_tag","embeddable":true,"href":"https:\/\/wp.ufpel.edu.br\/ccso\/wp-json\/wp\/v2\/tags?post=7899"}],"curies":[{"name":"wp","href":"https:\/\/api.w.org\/{rel}","templated":true}]}}